{"id":52030,"date":"2023-08-17T10:44:34","date_gmt":"2023-08-17T08:44:34","guid":{"rendered":"https:\/\/www.vidademadrid.com\/es\/?p=52030"},"modified":"2023-08-17T10:44:37","modified_gmt":"2023-08-17T08:44:37","slug":"semana-arquitectura-2023-madrid-coam-visitas-edificios-reserva","status":"publish","type":"post","link":"https:\/\/www.vidademadrid.com\/es\/52030\/semana-arquitectura-2023-madrid-coam-visitas-edificios-reserva\/","title":{"rendered":"Semana\u00a0de la Arquitectura COAM 2023 en Madrid: programa y visitas"},"content":{"rendered":"<p><strong>Madrid<\/strong> se prepara para recibir un evento arquitect\u00f3nico de primer nivel, ya que la Fundaci\u00f3n Arquitectura COAM y el Colegio Oficial de Arquitectos de Madrid se unen en colaboraci\u00f3n con el Ayuntamiento y la Comunidad de Madrid para presentar la <strong>XX Semana de la Arquitectura 2023<\/strong>. Sigue leyendo para conocer todos los detalles y las actividades y las visitas de edificios en programa.<\/p>\n<h2>Semana de la Arquitectura COAM 2023: fechas y programa<\/h2>\n<p><script async=\"\" src=\"https:\/\/pagead2.googlesyndication.com\/pagead\/js\/adsbygoogle.js\"><\/script> <ins class=\"adsbygoogle\" style=\"display:block\" data-ad-format=\"fluid\" data-ad-layout-key=\"-7f+eo+1+2-5\" data-ad-client=\"ca-pub-7450064428034605\" data-ad-slot=\"7327027071\"><\/ins><script>(adsbygoogle = window.adsbygoogle || []).push({});<\/script>La Semana de la Arquitectura 2023 ser\u00e1 del <strong>29 de septiembre al 8 de octubre<\/strong>. Este evento anual celebra la creatividad, innovaci\u00f3n y legado arquitect\u00f3nico.<\/p>\n<p>El evento de este a\u00f1o destaca la presencia de<strong> Ucrania como pa\u00eds invitado<\/strong>, enriqueciendo la diversidad cultural del evento. La Embajada de Ucrania en Espa\u00f1a se une a la Semana de la Arquitectura para presentar una visi\u00f3n \u00fanica de la arquitectura y el patrimonio ucraniano, contribuyendo a un di\u00e1logo global sobre el dise\u00f1o y la creatividad.<\/p>\n<p>El epicentro de la Semana de la Arquitectura ser\u00e1 la sede del COAM, que albergar\u00e1 una serie de eventos y exposiciones a lo largo de estos d\u00edas.<\/p>\n<h2>Exposiciones en el COAM y en el Retiro<\/h2>\n<p><script async=\"\" src=\"https:\/\/pagead2.googlesyndication.com\/pagead\/js\/adsbygoogle.js\"><\/script> <ins class=\"adsbygoogle\" style=\"display:block; text-align:center;\" data-ad-layout=\"in-article\" data-ad-format=\"fluid\" data-ad-client=\"ca-pub-7450064428034605\" data-ad-slot=\"5670045061\"><\/ins> <script>(adsbygoogle = window.adsbygoogle || []).push({});<\/script>Distintas exposiciones ser\u00e1n protagonistas durante la semana. La primera, una exposici\u00f3n monogr\u00e1fica que rinde <strong>homenaje al destacado arquitecto Antonio Palacios<\/strong> con la exposici\u00f3n titulada \u00abAntonio Palacios. El rumor de la historia, el ruido del tiempo\u00bb. Esta muestra explorar\u00e1 su obra y su impacto en la arquitectura de Madrid.<\/p>\n<p>La segunda exposici\u00f3n se centra en el <strong>patrimonio ucraniano destruido y las acciones para su recuperaci\u00f3n<\/strong>. Esta exposici\u00f3n no solo ofrece una perspectiva reveladora de la historia arquitect\u00f3nica de Ucrania, sino que tambi\u00e9n destaca la importancia de la preservaci\u00f3n y restauraci\u00f3n del patrimonio cultural.<\/p>\n<p>La tercera exposici\u00f3n es en colaboraci\u00f3n con el Ayuntamiento de Madrid: se celebra el <strong>centenario del arquitecto Ricardo Vel\u00e1zquez Bosco<\/strong>, destacando su contribuci\u00f3n a la arquitectura madrile\u00f1a. Una exposici\u00f3n especial en el parque de El Retiro ofrecer\u00e1 una visi\u00f3n profunda de su trabajo y su influencia en la ciudad.<\/p>\n<h2>Visitas a los edificios en la Semana de la Arquitectura COAM 2023<\/h2>\n<p>La Semana de la Arquitectura promete una experiencia completa con cursos y conferencias impartidas por expertos en la materia. Entre las actividades m\u00e1s demandas, <strong>las visitas a edificios emblem\u00e1ticos de Madrid<\/strong>, as\u00ed como los recorridos urbanos guiados en barrios de Madrid para ofrecer una visi\u00f3n \u00fanica de la arquitectura de la capital.<\/p>\n<p><strong>Estos son algunos de los edificios de Madrid que abrir\u00e1n sus puertas para las visitas de la Semana de la Arquitectura 2023 de COAM<\/strong>: Front\u00f3n Beti-Jai, Pabell\u00f3n de los Hex\u00e1gonos, Biblioteca P\u00fablica Jos\u00e9 Hierro, Real Academia Espa\u00f1ola, CaixaForum Madrid, La Casa Encendida, IE Tower, COAM, Senado de Espa\u00f1a, Real Academia de Medicina, Ciudad BBVA, Embajada de Italia Fundaci\u00f3n Francisco Giner de los R\u00edos, Biblioteca Nacional, Instituto Cervantes, Escuela de Guerra del Ej\u00e9rcito, Estadio Vallehermoso.<\/p>\n<h2>Reserva tu visita en la Semana de la Arquitectura COAM 2023<\/h2>\n<p>Las reservas para las visitas ser\u00e1n a partir del 18 de septiembre a las 9 horas a trav\u00e9s de la web oficial del evento, que proporcionar\u00e1 tambi\u00e9n la programaci\u00f3n actualizada: <a href=\"http:\/\/semanaarquitecturamadrid.com\">semanaarquitecturamadrid.com<\/a> &nbsp;<\/p>\n","protected":false},"excerpt":{"rendered":"<p>Desde el 29 de septiembre<\/p>\n","protected":false},"author":1,"featured_media":52031,"comment_status":"open","ping_status":"open","sticky":false,"template":"","format":"standard","meta":{"footnotes":""},"categories":[111,119],"tags":[],"class_list":{"0":"post-52030","1":"post","2":"type-post","3":"status-publish","4":"format-standard","5":"has-post-thumbnail","7":"category-exposiciones-madrid","8":"category-portada"},"_links":{"self":[{"href":"https:\/\/www.vidademadrid.com\/es\/wp-json\/wp\/v2\/posts\/52030","targetHints":{"allow":["GET"]}}],"collection":[{"href":"https:\/\/www.vidademadrid.com\/es\/wp-json\/wp\/v2\/posts"}],"about":[{"href":"https:\/\/www.vidademadrid.com\/es\/wp-json\/wp\/v2\/types\/post"}],"author":[{"embeddable":true,"href":"https:\/\/www.vidademadrid.com\/es\/wp-json\/wp\/v2\/users\/1"}],"replies":[{"embeddable":true,"href":"https:\/\/www.vidademadrid.com\/es\/wp-json\/wp\/v2\/comments?post=52030"}],"version-history":[{"count":2,"href":"https:\/\/www.vidademadrid.com\/es\/wp-json\/wp\/v2\/posts\/52030\/revisions"}],"predecessor-version":[{"id":52033,"href":"https:\/\/www.vidademadrid.com\/es\/wp-json\/wp\/v2\/posts\/52030\/revisions\/52033"}],"wp:featuredmedia":[{"embeddable":true,"href":"https:\/\/www.vidademadrid.com\/es\/wp-json\/wp\/v2\/media\/52031"}],"wp:attachment":[{"href":"https:\/\/www.vidademadrid.com\/es\/wp-json\/wp\/v2\/media?parent=52030"}],"wp:term":[{"taxonomy":"category","embeddable":true,"href":"https:\/\/www.vidademadrid.com\/es\/wp-json\/wp\/v2\/categories?post=52030"},{"taxonomy":"post_tag","embeddable":true,"href":"https:\/\/www.vidademadrid.com\/es\/wp-json\/wp\/v2\/tags?post=52030"}],"curies":[{"name":"wp","href":"https:\/\/api.w.org\/{rel}","templated":true}]}}