{"id":51322,"date":"2023-07-05T13:13:43","date_gmt":"2023-07-05T11:13:43","guid":{"rendered":"https:\/\/www.vidademadrid.com\/es\/?p=51322"},"modified":"2023-07-17T00:20:33","modified_gmt":"2023-07-16T22:20:33","slug":"cine-verano-cine-dore-madrid-programacion-entradas","status":"publish","type":"post","link":"https:\/\/www.vidademadrid.com\/es\/51322\/cine-verano-cine-dore-madrid-programacion-entradas\/","title":{"rendered":"El cine de verano al aire libre de Cine Dor\u00e9 reabre tras 7 a\u00f1os cerrado"},"content":{"rendered":"\n<div>\n<p>A la gran propuesta de cines de verano en Madrid se une un cine muy especial. Tras 7 a\u00f1os cerrado el Cine Dor\u00e9 reabre su cine de verano. En este art\u00edculo te damos todos los detalles de esta reapertura y su programaci\u00f3n para esta temporada de verano.<\/p>\n<\/div>\n\n\n\n<div>\n<h2>Cine de verano de Cine Dor\u00e9<\/h2>\n<\/div>\n\n\n\n<div>\n<p>La Filmoteca Espa\u00f1ola ha reabierto la <strong>sala de verano del Cine Dor\u00e9<\/strong> (cerca del metro Ant\u00f3n Mart\u00edn) despu\u00e9s de 7 a\u00f1os cerrada. La programaci\u00f3n arranc\u00f3 el pasado 1 de julio y hasta finales de agosto ofrecer\u00e1 <strong>de martes a s\u00e1bados pel\u00edculas de diferentes g\u00e9neros<\/strong>. Todas los largometrajes comenzar\u00e1n a las 22.15 h y para su escucha se har\u00e1 uso de auriculares que se proporcionar\u00e1n en la sala con el fin de evitar cualquier ruido que pueda molestar a los vecinos del barrio.<\/p>\n<\/div>\n\n\n\n<div>\n<p>Cada uno de los d\u00edas estar\u00e1 dedicado a un g\u00e9nero: Los martes estar\u00e1n reservados para los&nbsp;<strong>dramas<\/strong>; los mi\u00e9rcoles, cine de&nbsp;<strong>acci\u00f3n y aventuras<\/strong>; jueves de&nbsp;<strong>thriller<\/strong>, viernes de&nbsp;<strong>terror<\/strong>&nbsp;y s\u00e1bados para la&nbsp;<strong>comedia y el musical<\/strong>.<\/p>\n<\/div>\n\n\n\n<div>\n<h2>Cine de verano de Cine Dor\u00e9: Programaci\u00f3n y entradas<\/h2>\n<\/div>\n\n\n\n<div>\n<p>Durante los meses de julio y agosto podr\u00e1s disfrutar de pel\u00edculas como: &#8216;Atraco perfecto&#8217;, de Stanley Kubrick; &#8216;Balas sobre Broadway&#8217;, de Woody Allen; &#8216;Los amantes de la noche&#8217;, &#8216;Cuando Harry encontr\u00f3 a Sally&#8217; y muchas m\u00e1s. <a href=\"https:\/\/entradasfilmoteca.gob.es\/\">Aqu\u00ed<\/a> podr\u00e1s ver la programaci\u00f3n completa por d\u00edas (las pel\u00edculas del cine de verano son las que se proyectan en la Sala 3 conocida como Sala Berlanga).<\/p>\n<\/div>\n\n\n\n<div>\n<p>Las entradas las podr\u00e1s adquirir a trav\u00e9s de la propia <a href=\"https:\/\/entradasfilmoteca.gob.es\/\">p\u00e1gina web de la Filmoteca<\/a> o en taquilla.<\/p>\n<\/div>\n","protected":false},"excerpt":{"rendered":"<p>Con una programaci\u00f3n completa durante los meses de julio y agosto 2023<\/p>\n","protected":false},"author":13,"featured_media":51328,"comment_status":"open","ping_status":"open","sticky":false,"template":"","format":"standard","meta":{"footnotes":""},"categories":[85,101,115],"tags":[],"class_list":{"0":"post-51322","1":"post","2":"type-post","3":"status-publish","4":"format-standard","5":"has-post-thumbnail","7":"category-cine-series-television","8":"category-ferias-fiestas-mercados-madrid","9":"category-planes-del-momento-madrid"},"_links":{"self":[{"href":"https:\/\/www.vidademadrid.com\/es\/wp-json\/wp\/v2\/posts\/51322","targetHints":{"allow":["GET"]}}],"collection":[{"href":"https:\/\/www.vidademadrid.com\/es\/wp-json\/wp\/v2\/posts"}],"about":[{"href":"https:\/\/www.vidademadrid.com\/es\/wp-json\/wp\/v2\/types\/post"}],"author":[{"embeddable":true,"href":"https:\/\/www.vidademadrid.com\/es\/wp-json\/wp\/v2\/users\/13"}],"replies":[{"embeddable":true,"href":"https:\/\/www.vidademadrid.com\/es\/wp-json\/wp\/v2\/comments?post=51322"}],"version-history":[{"count":1,"href":"https:\/\/www.vidademadrid.com\/es\/wp-json\/wp\/v2\/posts\/51322\/revisions"}],"predecessor-version":[{"id":51329,"href":"https:\/\/www.vidademadrid.com\/es\/wp-json\/wp\/v2\/posts\/51322\/revisions\/51329"}],"wp:featuredmedia":[{"embeddable":true,"href":"https:\/\/www.vidademadrid.com\/es\/wp-json\/wp\/v2\/media\/51328"}],"wp:attachment":[{"href":"https:\/\/www.vidademadrid.com\/es\/wp-json\/wp\/v2\/media?parent=51322"}],"wp:term":[{"taxonomy":"category","embeddable":true,"href":"https:\/\/www.vidademadrid.com\/es\/wp-json\/wp\/v2\/categories?post=51322"},{"taxonomy":"post_tag","embeddable":true,"href":"https:\/\/www.vidademadrid.com\/es\/wp-json\/wp\/v2\/tags?post=51322"}],"curies":[{"name":"wp","href":"https:\/\/api.w.org\/{rel}","templated":true}]}}