{"id":50894,"date":"2023-06-16T20:02:22","date_gmt":"2023-06-16T18:02:22","guid":{"rendered":"https:\/\/www.vidademadrid.com\/es\/?p=50894"},"modified":"2023-06-19T01:10:19","modified_gmt":"2023-06-18T23:10:19","slug":"100-cellos-concierto-parque-enrique-tierno-galvan-veranos-de-la-villa","status":"publish","type":"post","link":"https:\/\/www.vidademadrid.com\/es\/50894\/100-cellos-concierto-parque-enrique-tierno-galvan-veranos-de-la-villa\/","title":{"rendered":"El Parque Enrique Tierno Galv\u00e1n acoger\u00e1 un concierto gratuito con 100 violonchelistas al aire libre"},"content":{"rendered":"\n<p>En el marco del programa de <a href=\"https:\/\/www.vidademadrid.com\/es\/50632\/veranos-villa-2023-programa-fechas\/\"><strong>Veranos de la Villa 2023<\/strong><\/a> se podr\u00e1 disfrutar, entre otros, de un <strong>concierto gratuito con 100 violonchelistas al aire libre<\/strong>. En este art\u00edculo te damos todos los detalles de este evento que no te podr\u00e1s perder.<\/p>\n\n\n\n<h2 class=\"wp-block-heading\">Concierto gratuito al aire libre de 100 Cellos<\/h2>\n\n\n\n<script async src=\"https:\/\/pagead2.googlesyndication.com\/pagead\/js\/adsbygoogle.js\"><\/script> <ins class=\"adsbygoogle\"  style=\"display:block\" data-ad-format=\"fluid\" data-ad-layout-key=\"-7f+eo+1+2-5\" data-ad-client=\"ca-pub-7450064428034605\" data-ad-slot=\"7327027071\"><\/ins><script>(adsbygoogle = window.adsbygoogle || []).push({});<\/script>\n\n\n\n\n<p>El <strong>27 de agosto<\/strong> se podr\u00e1 disfrutar de un <strong>concierto gratuito de 100 violonchelistas al aire libre<\/strong>. En el <strong>Parque Enrique Tierno Galv\u00e1n<\/strong> tendr\u00e1s la oportunidad de disfrutar de 100 Cellos, un ensemble que une una centena de violonchelistas por solo una noche, para formar una orquesta abierta compuesta por grandes profesionales, solistas famosos, estudiantes, aficionados y apasionados de la m\u00fasica; entre los que se encuentran Giovanni Sollima&nbsp;o Enrico Melozzi.<\/p>\n\n\n\n<h2 class=\"wp-block-heading\">Concierto 100 Cellos: Horario<\/h2>\n\n\n\n<script async src=\"https:\/\/pagead2.googlesyndication.com\/pagead\/js\/adsbygoogle.js\"><\/script> <ins class=\"adsbygoogle\" style=\"display:block; text-align:center;\" data-ad-layout=\"in-article\" data-ad-format=\"fluid\" data-ad-client=\"ca-pub-7450064428034605\" data-ad-slot=\"5670045061\"><\/ins> <script>(adsbygoogle = window.adsbygoogle || []).push({});<\/script>\n\n\n\n\n<p>Como te contamos el concierto ser\u00e1 completamente gratuito y clausurar\u00e1 la edici\u00f3n 2023 de los Veranos de la Villa. La apertura de puertas ser\u00e1 a las 20.30 h y el concierto comenzar\u00e1 a las 21.30 h. Tendr\u00e1 una duraci\u00f3n aproximada de 90 minutos.<\/p>\n","protected":false},"excerpt":{"rendered":"<p>Que clausurar\u00e1 la edici\u00f3n 2023 de los Veranos de la Villa <\/p>\n","protected":false},"author":13,"featured_media":50895,"comment_status":"open","ping_status":"open","sticky":false,"template":"","format":"standard","meta":{"footnotes":""},"categories":[22,111,101,187,119],"tags":[],"class_list":{"0":"post-50894","1":"post","2":"type-post","3":"status-publish","4":"format-standard","5":"has-post-thumbnail","7":"category-conciertos-madrid","8":"category-exposiciones-madrid","9":"category-ferias-fiestas-mercados-madrid","10":"category-madrid-hoy","11":"category-portada"},"_links":{"self":[{"href":"https:\/\/www.vidademadrid.com\/es\/wp-json\/wp\/v2\/posts\/50894","targetHints":{"allow":["GET"]}}],"collection":[{"href":"https:\/\/www.vidademadrid.com\/es\/wp-json\/wp\/v2\/posts"}],"about":[{"href":"https:\/\/www.vidademadrid.com\/es\/wp-json\/wp\/v2\/types\/post"}],"author":[{"embeddable":true,"href":"https:\/\/www.vidademadrid.com\/es\/wp-json\/wp\/v2\/users\/13"}],"replies":[{"embeddable":true,"href":"https:\/\/www.vidademadrid.com\/es\/wp-json\/wp\/v2\/comments?post=50894"}],"version-history":[{"count":3,"href":"https:\/\/www.vidademadrid.com\/es\/wp-json\/wp\/v2\/posts\/50894\/revisions"}],"predecessor-version":[{"id":50898,"href":"https:\/\/www.vidademadrid.com\/es\/wp-json\/wp\/v2\/posts\/50894\/revisions\/50898"}],"wp:featuredmedia":[{"embeddable":true,"href":"https:\/\/www.vidademadrid.com\/es\/wp-json\/wp\/v2\/media\/50895"}],"wp:attachment":[{"href":"https:\/\/www.vidademadrid.com\/es\/wp-json\/wp\/v2\/media?parent=50894"}],"wp:term":[{"taxonomy":"category","embeddable":true,"href":"https:\/\/www.vidademadrid.com\/es\/wp-json\/wp\/v2\/categories?post=50894"},{"taxonomy":"post_tag","embeddable":true,"href":"https:\/\/www.vidademadrid.com\/es\/wp-json\/wp\/v2\/tags?post=50894"}],"curies":[{"name":"wp","href":"https:\/\/api.w.org\/{rel}","templated":true}]}}