{"id":50891,"date":"2023-10-27T10:30:00","date_gmt":"2023-10-27T08:30:00","guid":{"rendered":"https:\/\/www.vidademadrid.com\/es\/?p=50891"},"modified":"2023-10-30T09:17:27","modified_gmt":"2023-10-30T08:17:27","slug":"luz-madrid-2023-obras-luz-ubicaciones-horario","status":"publish","type":"post","link":"https:\/\/www.vidademadrid.com\/es\/50891\/luz-madrid-2023-obras-luz-ubicaciones-horario\/","title":{"rendered":"Lugares emblem\u00e1ticos de la ciudad volver\u00e1n a brillar con LuzMadrid 2023: programa y localizaciones"},"content":{"rendered":"\n<p>Durante el <strong>oto\u00f1o de 2023<\/strong> volver\u00e1n a iluminarse distintas ubicaciones de la capital con <strong>obras de luz<\/strong> de artistas internacionales. En este art\u00edculo te contamos la informaci\u00f3n sobre <strong>LuzMadrid 2023.<\/strong><\/p>\n\n\n\n<h2 class=\"wp-block-heading\">Actualizaci\u00f3n del 27 de octubre<\/h2>\n\n\n\n<h3 class=\"wp-block-heading\">Cambio de ubicaci\u00f3n de una instalaci\u00f3n<\/h3>\n\n\n\n<p>Nuevo cambio de \u00faltima hora: la obra \u00abEl Jard\u00edn de los libros le\u00eddos y no le\u00eddos\u00bb pasa de la Cuesta de Moyano a la Casa del lector en Matadero.<\/p>\n\n\n\n<p>De cara a otros posibles cambios, recomendamos de consultar la <a href=\"https:\/\/twitter.com\/_LuzMadrid\">cuenta de X de @_LuzMadrid<\/a> antes de acercaros a las instalaciones.<\/p>\n\n\n\n<h2 class=\"wp-block-heading\">Actualizaci\u00f3n del 26 de octubre<\/h2>\n\n\n\n<h3 class=\"wp-block-heading\">Cancelaci\u00f3n de dos obras<\/h3>\n\n\n\n<p>LuzMadrid comunica que dos de las obras en programa no se instalar\u00e1n \u00abpor motivos de movilidad\u00bb: Amadeus, en la fachada del Ministerio de Agricultura, y Floresta de Cristal, en el jard\u00edn vertical de Caixaforum.<\/p>\n\n\n\n<figure class=\"wp-block-embed is-type-rich is-provider-twitter wp-block-embed-twitter\"><div class=\"wp-block-embed__wrapper\">\n<blockquote class=\"twitter-tweet\" data-width=\"550\" data-dnt=\"true\"><p lang=\"es\" dir=\"ltr\">\u203c\ufe0fAviso de \u00faltima hora\u203c\ufe0f <a href=\"https:\/\/t.co\/gz1cATocrS\">pic.twitter.com\/gz1cATocrS<\/a><\/p>&mdash; LuzMadrid (@_LuzMadrid) <a href=\"https:\/\/twitter.com\/_LuzMadrid\/status\/1717559489988063656?ref_src=twsrc%5Etfw\">October 26, 2023<\/a><\/blockquote><script async src=\"https:\/\/platform.twitter.com\/widgets.js\" charset=\"utf-8\"><\/script>\n<\/div><\/figure>\n\n\n\n<h2 class=\"wp-block-heading\">Actualizaci\u00f3n del 22 de septiembre<\/h2>\n\n\n\n<h3 class=\"wp-block-heading\">Presentada la edici\u00f3n 2023 de LuzMadrid<\/h3>\n\n\n\n<p>Hoy ha sido presentada oficialmente la <strong>edici\u00f3n 2023 de LuzMadrid<\/strong>, con m\u00e1s de 20 instalaciones en <strong>cuatro zonas de la ciudad<\/strong>: zona del Retiro\/Atocha (1); la zona de Plaza de Espa\u00f1a\/Palacio Real (2); la zona de Matadero Madrid (3); y el distrito de Carabanchel (4). Confirmadas fechas (27, 28 y 29 de octubre) y horarios (de 20 a 1 h)<\/p>\n\n\n\n<h3 class=\"wp-block-heading\">Mapa y localizaci\u00f3n de las obras<\/h3>\n\n\n\n<figure class=\"wp-block-gallery has-nested-images columns-default is-cropped wp-block-gallery-1 is-layout-flex wp-block-gallery-is-layout-flex\">\n<figure class=\"wp-block-image size-large td-caption-align-https:\/\/www.vidademadrid.com\/es\/wp-content\/uploads\/2023\/09\/luz-madrid-2023.jpg\"><a href=\"https:\/\/www.vidademadrid.com\/es\/wp-content\/uploads\/2023\/09\/luz-madrid-2023.jpg\"><img loading=\"lazy\" decoding=\"async\" width=\"1024\" height=\"730\" data-id=\"52659\" src=\"https:\/\/www.vidademadrid.com\/es\/wp-content\/uploads\/2023\/09\/luz-madrid-2023-1024x730.jpg\" alt=\"\" class=\"wp-image-52659\" srcset=\"https:\/\/www.vidademadrid.com\/es\/wp-content\/uploads\/2023\/09\/luz-madrid-2023-1024x730.jpg 1024w, https:\/\/www.vidademadrid.com\/es\/wp-content\/uploads\/2023\/09\/luz-madrid-2023-300x214.jpg 300w, https:\/\/www.vidademadrid.com\/es\/wp-content\/uploads\/2023\/09\/luz-madrid-2023-768x547.jpg 768w, https:\/\/www.vidademadrid.com\/es\/wp-content\/uploads\/2023\/09\/luz-madrid-2023-1536x1095.jpg 1536w, https:\/\/www.vidademadrid.com\/es\/wp-content\/uploads\/2023\/09\/luz-madrid-2023-696x496.jpg 696w, https:\/\/www.vidademadrid.com\/es\/wp-content\/uploads\/2023\/09\/luz-madrid-2023-1068x761.jpg 1068w, https:\/\/www.vidademadrid.com\/es\/wp-content\/uploads\/2023\/09\/luz-madrid-2023-589x420.jpg 589w, https:\/\/www.vidademadrid.com\/es\/wp-content\/uploads\/2023\/09\/luz-madrid-2023-100x70.jpg 100w, https:\/\/www.vidademadrid.com\/es\/wp-content\/uploads\/2023\/09\/luz-madrid-2023.jpg 1695w\" sizes=\"auto, (max-width: 1024px) 100vw, 1024px\" \/><\/a><\/figure>\n<\/figure>\n\n\n\n<h3 class=\"wp-block-heading\">Listado de obras, autores y localizaciones<\/h3>\n\n\n\n<table border=\"1\">\n        <tr>\n            <th>Nombre de la obra<\/th>\n            <th>Artista<\/th>\n            <th>Zona<\/th>\n            <th>Localizaci\u00f3n<\/th>\n        <\/tr>\n        <tr>\n            <td>DETENER EL TIEMPO<\/td>\n            <td>JUAN G\u00d3MEZ-CORNEJO<\/td>\n            <td>ZONA 01<\/td>\n            <td>Estanque y Monumento a Alfonso XII<\/td>\n        <\/tr>\n        <tr>\n            <td>TRANSLUCENS<\/td>\n            <td>NIKO TIAINEN<\/td>\n            <td>ZONA 01<\/td>\n            <td>Lago del Palacio de Cristal<\/td>\n        <\/tr>\n        <tr>\n            <td>AURA<\/td>\n            <td>ALEX POSADA Y XEVI BAYONA<\/td>\n            <td>ZONA 01<\/td>\n            <td>Planteles<\/td>\n        <\/tr>\n        <tr>\n            <td>EL JARD\u00cdN DE LOS LIBROS LE\u00cdDOS Y NO LE\u00cdDOS<\/td>\n            <td>RAM\u00d3N DE LOS HEROS MANCHADO<\/td>\n            <td>ZONA 01<\/td>\n            <td>Cuesta de Claudio Moyano<\/td>\n        <\/tr>\n        <tr>\n            <td>AMADEUS<\/td>\n            <td>STUDIO EYESBERG<\/td>\n            <td>ZONA 01<\/td>\n            <td>Fachada del Ministerio de Agricultura, Pesca y Alimentaci\u00f3n<\/td>\n        <\/tr>\n        <tr>\n            <td>SCRAWL<\/td>\n            <td>DANIEL CANOGAR<\/td>\n            <td>ZONA 01<\/td>\n            <td>Fachada del Museo Nacional Centro de Arte Reina Sof\u00eda<\/td>\n        <\/tr>\n        <tr>\n            <td>FLORESTA DE CRISTAL<\/td>\n            <td>ROSA MU\u00d1OZ<\/td>\n            <td>ZONA 01<\/td>\n            <td>Jard\u00edn Vertical del CaixaForum<\/td>\n        <\/tr>\n        <tr>\n            <td>KONTAKT EXTENDED<\/td>\n            <td>NICOLAS PAOLOZZI<\/td>\n            <td>ZONA 02<\/td>\n            <td>Plaza de Espa\u00f1a<\/td>\n        <\/tr>\n        <tr>\n            <td>MIRADAS<\/td>\n            <td>CARLOS TORRIJOS<\/td>\n            <td>ZONA 02<\/td>\n            <td>Iglesia de Santa Teresa y San Jos\u00e9<\/td>\n        <\/tr>\n        <tr>\n            <td>((GRAFFPH\u00d3NICA))<\/td>\n            <td>SUSO33<\/td>\n            <td>ZONA 02<\/td>\n            <td>Fachada de la ampliaci\u00f3n del Senado<\/td>\n        <\/tr>\n        <tr>\n            <td>HURAC\u00c1N (UN FEN\u00d3MENO METEOROL\u00d3GICO)<\/td>\n            <td>EUGENIO AMPUDIA<\/td>\n            <td>ZONA 02<\/td>\n            <td>Fachada del Palacio Real<\/td>\n        <\/tr>\n        <tr>\n            <td>MAYRIT. AGUA, PIEDRA, FUEGO Y CARNE<\/td>\n            <td>EZEQUIEL NOBILI<\/td>\n            <td>ZONA 02<\/td>\n            <td>Muralla \u00c1rabe<\/td>\n        <\/tr>\n        <tr>\n            <td>OCTANTIS<\/td>\n            <td>RICARDO MORCILLO<\/td>\n            <td>ZONA 03<\/td>\n            <td>Dep\u00f3sito de Matadero Madrid<\/td>\n        <\/tr>\n        <tr>\n            <td>PAISAJES OBSERVABLES<\/td>\n            <td>COLECTIVO 3DINTERACTIVO<\/td>\n            <td>ZONA 03<\/td>\n            <td>Espacio Taller. Matadero Madrid<\/td>\n        <\/tr>\n        <tr>\n            <td>IN-FINITUD- PROGRAMA LUCES EMERGENTES<\/td>\n            <td>PABLO BORDONS<\/td>\n            <td>ZONA 03<\/td>\n            <td>Calle Matadero<\/td>\n        <\/tr>\n        <tr>\n            <td>0X1GEN0 \u2013 PROGRAMA LUCES EMERGENTES<\/td>\n            <td>PAULA CREMADES<\/td>\n            <td>ZONA 03<\/td>\n            <td>DiMad<\/td>\n        <\/tr>\n        <tr>\n            <td>CUERPOS INTERVENIDOS- PROGRAMA LUCES EMERGENTES<\/td>\n            <td>\u00c1NGEL SEVILLANO<\/td>\n            <td>ZONA 03<\/td>\n            <td>DiMad<\/td>\n        <\/tr>\n        <tr>\n            <td>NOSTALGIA DEL DESPLAZAMIENTO- PROGRAMA LUCES EMERGENTES<\/td>\n            <td>GALO Y ATALANTA<\/td>\n            <td>ZONA 03<\/td>\n            <td>DiMad<\/td>\n        <\/tr>\n        <tr>\n            <td>LUNAR OSCILLATIONS<\/td>\n            <td>XAVI BOV\u00c9<\/td>\n            <td>ZONA 03<\/td>\n            <td>Invernadero de Arganzuela<\/td>\n        <\/tr>\n        <tr>\n            <td>HIP\u00d3STILA<\/td>\n            <td>CUBE.BZ<\/td>\n            <td>ZONA 03<\/td>\n            <td>Puente de Praga<\/td>\n        <\/tr>\n        <tr>\n            <td>LAMPOUNETTE<\/td>\n            <td>T I L T<\/td>\n            <td>ZONA 4<\/td>\n            <td>Puente de Toledo<\/td>\n        <\/tr>\n        <tr>\n            <td>VJYOURSELF!<\/td>\n            <td>PLAYMODES<\/td>\n            <td>ZONA 4<\/td>\n            <td>C.C. Fernando L\u00e1zaro Carreter<\/td>\n        <\/tr>\n    <\/table>\n\n\n\n<p><\/p>\n\n\n\n<h2 class=\"wp-block-heading\">Art\u00edculo del 16 de junio<\/h2>\n\n\n\n<h3 class=\"wp-block-heading\">LuzMadrid 2023<\/h3>\n\n\n\n<script async=\"\" src=\"https:\/\/pagead2.googlesyndication.com\/pagead\/js\/adsbygoogle.js\"><\/script> <ins class=\"adsbygoogle\" style=\"display:block\" data-ad-format=\"fluid\" data-ad-layout-key=\"-7f+eo+1+2-5\" data-ad-client=\"ca-pub-7450064428034605\" data-ad-slot=\"7327027071\"><\/ins><script>(adsbygoogle = window.adsbygoogle || []).push({});<\/script>\n\n\n\n<p><strong>Del 27 al 29 de octubre<\/strong> tendr\u00e1 lugar la segunda edici\u00f3n de<strong> Luz Madrid 2023<\/strong>. El festival que har\u00e1 brillar distintas zonas de Madrid. Ser\u00e1n <strong>20 obras de luz<\/strong> de artistas internacionales las que se distribuyan por lugares emblem\u00e1ticos de la ciudad y con las que el p\u00fablico podr\u00e1 interactuar.<\/p>\n\n\n\n<h3 class=\"wp-block-heading\">LuzMadrid 2023: Horario y mapa de obras<\/h3>\n\n\n\n<script async=\"\" src=\"https:\/\/pagead2.googlesyndication.com\/pagead\/js\/adsbygoogle.js\"><\/script> <ins class=\"adsbygoogle\" style=\"display:block; text-align:center;\" data-ad-layout=\"in-article\" data-ad-format=\"fluid\" data-ad-client=\"ca-pub-7450064428034605\" data-ad-slot=\"5670045061\"><\/ins> <script>(adsbygoogle = window.adsbygoogle || []).push({});<\/script>\n\n\n\n<p>El horario de funcionamiento ser\u00e1 <strong>de 20 h a 1 h<\/strong>. Y este a\u00f1o nos encontraremos piezas similares a la de la instalaci\u00f3n de Atelier Sisu que pudimos disfrutar las pasadas navidades en la Plaza de la Armer\u00eda junto al Palacio Real y Catedral de la Almudena.<\/p>\n\n\n<div class=\"wp-block-image\">\n<figure class=\"aligncenter\"><a href=\"https:\/\/www.vidademadrid.com\/es\/wp-content\/uploads\/2022\/12\/thumb_46_eventos_big-copia.jpg\"><img loading=\"lazy\" decoding=\"async\" width=\"1200\" height=\"600\" src=\"https:\/\/www.vidademadrid.com\/es\/wp-content\/uploads\/2022\/12\/thumb_46_eventos_big-copia.jpg\" alt=\"\" class=\"wp-image-46779\" srcset=\"https:\/\/www.vidademadrid.com\/es\/wp-content\/uploads\/2022\/12\/thumb_46_eventos_big-copia.jpg 1200w, https:\/\/www.vidademadrid.com\/es\/wp-content\/uploads\/2022\/12\/thumb_46_eventos_big-copia-300x150.jpg 300w, https:\/\/www.vidademadrid.com\/es\/wp-content\/uploads\/2022\/12\/thumb_46_eventos_big-copia-1024x512.jpg 1024w, https:\/\/www.vidademadrid.com\/es\/wp-content\/uploads\/2022\/12\/thumb_46_eventos_big-copia-768x384.jpg 768w, https:\/\/www.vidademadrid.com\/es\/wp-content\/uploads\/2022\/12\/thumb_46_eventos_big-copia-696x348.jpg 696w, https:\/\/www.vidademadrid.com\/es\/wp-content\/uploads\/2022\/12\/thumb_46_eventos_big-copia-1068x534.jpg 1068w, https:\/\/www.vidademadrid.com\/es\/wp-content\/uploads\/2022\/12\/thumb_46_eventos_big-copia-840x420.jpg 840w\" sizes=\"auto, (max-width: 1200px) 100vw, 1200px\" \/><\/a><\/figure><\/div>\n\n\n<p><em>En Vida de Madrid estaremos muy pendientes de las pr\u00f3ximas novedades para ir actualizando la informaci\u00f3n y para que vayas preparando tu c\u00e1mara de cara a este oto\u00f1o 2023.<\/em><\/p>\n","protected":false},"excerpt":{"rendered":"<p>Ser\u00e1n un total de 20 obras de artistas internacionales <\/p>\n","protected":false},"author":13,"featured_media":52658,"comment_status":"open","ping_status":"open","sticky":false,"template":"","format":"standard","meta":{"footnotes":""},"categories":[12,11,101],"tags":[],"class_list":{"0":"post-50891","1":"post","2":"type-post","3":"status-publish","4":"format-standard","5":"has-post-thumbnail","7":"category-actualidad-noticias-madrid","8":"category-eventos-madrid","9":"category-ferias-fiestas-mercados-madrid"},"_links":{"self":[{"href":"https:\/\/www.vidademadrid.com\/es\/wp-json\/wp\/v2\/posts\/50891","targetHints":{"allow":["GET"]}}],"collection":[{"href":"https:\/\/www.vidademadrid.com\/es\/wp-json\/wp\/v2\/posts"}],"about":[{"href":"https:\/\/www.vidademadrid.com\/es\/wp-json\/wp\/v2\/types\/post"}],"author":[{"embeddable":true,"href":"https:\/\/www.vidademadrid.com\/es\/wp-json\/wp\/v2\/users\/13"}],"replies":[{"embeddable":true,"href":"https:\/\/www.vidademadrid.com\/es\/wp-json\/wp\/v2\/comments?post=50891"}],"version-history":[{"count":7,"href":"https:\/\/www.vidademadrid.com\/es\/wp-json\/wp\/v2\/posts\/50891\/revisions"}],"predecessor-version":[{"id":53283,"href":"https:\/\/www.vidademadrid.com\/es\/wp-json\/wp\/v2\/posts\/50891\/revisions\/53283"}],"wp:featuredmedia":[{"embeddable":true,"href":"https:\/\/www.vidademadrid.com\/es\/wp-json\/wp\/v2\/media\/52658"}],"wp:attachment":[{"href":"https:\/\/www.vidademadrid.com\/es\/wp-json\/wp\/v2\/media?parent=50891"}],"wp:term":[{"taxonomy":"category","embeddable":true,"href":"https:\/\/www.vidademadrid.com\/es\/wp-json\/wp\/v2\/categories?post=50891"},{"taxonomy":"post_tag","embeddable":true,"href":"https:\/\/www.vidademadrid.com\/es\/wp-json\/wp\/v2\/tags?post=50891"}],"curies":[{"name":"wp","href":"https:\/\/api.w.org\/{rel}","templated":true}]}}