{"id":49987,"date":"2023-05-03T15:38:29","date_gmt":"2023-05-03T13:38:29","guid":{"rendered":"https:\/\/www.vidademadrid.com\/es\/?p=49987"},"modified":"2023-05-03T17:38:43","modified_gmt":"2023-05-03T15:38:43","slug":"casa-stradivarius-horario-actividades-fechas-2023","status":"publish","type":"post","link":"https:\/\/www.vidademadrid.com\/es\/49987\/casa-stradivarius-horario-actividades-fechas-2023\/","title":{"rendered":"Conoce Casa Stradivarius, un lugar para sentir, vivir y tocar la moda"},"content":{"rendered":"<p>La\u00a0<strong>Casa Stradivarius, <\/strong>un lugar donde podr\u00e1s vivir, sentir y tocar la moda, abre sus puertas en Madrid con actividades, conciertos, workshops y estancias que podr\u00e1s recorrer para sentirte en casa y sumergirte el universo de Stradivarius.<\/p>\n<h2>Casa Stradivarius<\/h2>\n<p><script async=\"\" src=\"https:\/\/pagead2.googlesyndication.com\/pagead\/js\/adsbygoogle.js\"><\/script> <ins class=\"adsbygoogle\" style=\"display: block;\" data-ad-format=\"fluid\" data-ad-layout-key=\"-7f+eo+1+2-5\" data-ad-client=\"ca-pub-7450064428034605\" data-ad-slot=\"7327027071\"><\/ins><script>(adsbygoogle = window.adsbygoogle || []).push({});<\/script><\/p>\n<p>En la\u00a0<strong>Casa Stradivarius,\u00a0<\/strong>te podr\u00e1s sentir como en tu propia casa y conocer todos sus secretos. Hay distintas estancias que podr\u00e1s recorrer como el jard\u00edn, denim universe, el showroom para conocer las \u00faltimas colecciones de\u00a0<strong>Stradivarius\u00a0<\/strong>adem\u00e1s de un escenario para presentaciones musicales, un espacio dedicado a la belleza, restaurante y m\u00e1s.<\/p>\n<p>Adem\u00e1s, habr\u00e1 distintas actividades en\u00a0<strong>Casa Stradivarius\u00a0<\/strong>como <strong>charlas sobre moda<\/strong> con Gorogoro, Boldtron y Mery Turiel;\u00a0<strong>conciertos y presentaciones\u00a0<\/strong>de \u00c1lvaro de Luna, Judeline, La Pija y La Quinqui y Mar\u00eda Escarmiento; <strong>clases de barre\u00a0<\/strong>a cargo de CasaBarre,\u00a0<strong>workshops\u00a0<\/strong>y\u00a0<strong>masterclass\u00a0<\/strong>de maquillaje y cuidado de la piel a cargo de Benefit.<\/p>\n<h2>Casa Stradivarius: fecha y actividades<\/h2>\n<p><script async=\"\" src=\"https:\/\/pagead2.googlesyndication.com\/pagead\/js\/adsbygoogle.js\"><\/script> <ins class=\"adsbygoogle\" style=\"display: block; text-align: center;\" data-ad-layout=\"in-article\" data-ad-format=\"fluid\" data-ad-client=\"ca-pub-7450064428034605\" data-ad-slot=\"5670045061\"><\/ins> <script>(adsbygoogle = window.adsbygoogle || []).push({});<\/script><\/p>\n<p><strong>Casa Stradivarius\u00a0<\/strong>se podr\u00e1 visitar el\u00a0<strong>4, 5, 6 y 7 de mayo de 2023\u00a0<\/strong>en el\u00a0<strong>Palacio de Santa B\u00e1rbara\u00a0<\/strong>(Metro Alonso Mart\u00ednez \/ Tribunal). Se podr\u00e1 visitar de\u00a0<strong>10 a 22 horas<\/strong> todos los d\u00edas. Hay actividades sin reserva todos los d\u00edas como <strong>BiBo by Dani Garc\u00eda\u00a0<\/strong>de 13:30 a 15:30 y de 20 a 22 horas, el <strong>photobooth de Boldtron\u00a0<\/strong>de 13 a 17 horas. Tambi\u00e9n, el\u00a0<strong>5 de mayo\u00a0<\/strong>habr\u00e1 una <strong>Dj Session <\/strong>de 20 a 22 horas y el <strong>7 de mayo <\/strong>de 14 a 17 horas. Puedes conocer todas las actividades con reserva en este <a href=\"https:\/\/www.stradivarius.com\/es\/nueva-colecci%C3%B3n\/casa-stradivarius-c1020514065.html\">enlace<\/a>.<\/p>\n<p>Visitamos la\u00a0<strong>Casa Stradivarius\u00a0<\/strong>previo a su apertura y te lo contamos todo en <a href=\"https:\/\/www.instagram.com\/s\/aGlnaGxpZ2h0OjE4MDQ2MzY1NjkxNDM2Njg3\">nuestro reportaje<\/a> en Instagram.<\/p>\n<div id='gallery-1' class='gallery galleryid-49987 gallery-columns-1 gallery-size-full'><figure class='gallery-item'>\n\t\t\t<div class='gallery-icon portrait'>\n\t\t\t\t<a href='https:\/\/www.vidademadrid.com\/es\/49987\/casa-stradivarius-horario-actividades-fechas-2023\/whatsapp-image-2023-05-03-at-9-03-59-am-1\/'><img loading=\"lazy\" decoding=\"async\" width=\"1153\" height=\"2048\" src=\"https:\/\/www.vidademadrid.com\/es\/wp-content\/uploads\/2023\/05\/WhatsApp-Image-2023-05-03-at-9.03.59-AM-1.jpeg\" class=\"attachment-full size-full\" alt=\"\" aria-describedby=\"gallery-1-50000\" srcset=\"https:\/\/www.vidademadrid.com\/es\/wp-content\/uploads\/2023\/05\/WhatsApp-Image-2023-05-03-at-9.03.59-AM-1.jpeg 1153w, https:\/\/www.vidademadrid.com\/es\/wp-content\/uploads\/2023\/05\/WhatsApp-Image-2023-05-03-at-9.03.59-AM-1-169x300.jpeg 169w, https:\/\/www.vidademadrid.com\/es\/wp-content\/uploads\/2023\/05\/WhatsApp-Image-2023-05-03-at-9.03.59-AM-1-577x1024.jpeg 577w, https:\/\/www.vidademadrid.com\/es\/wp-content\/uploads\/2023\/05\/WhatsApp-Image-2023-05-03-at-9.03.59-AM-1-768x1364.jpeg 768w, https:\/\/www.vidademadrid.com\/es\/wp-content\/uploads\/2023\/05\/WhatsApp-Image-2023-05-03-at-9.03.59-AM-1-865x1536.jpeg 865w, https:\/\/www.vidademadrid.com\/es\/wp-content\/uploads\/2023\/05\/WhatsApp-Image-2023-05-03-at-9.03.59-AM-1-696x1236.jpeg 696w, https:\/\/www.vidademadrid.com\/es\/wp-content\/uploads\/2023\/05\/WhatsApp-Image-2023-05-03-at-9.03.59-AM-1-1068x1897.jpeg 1068w, https:\/\/www.vidademadrid.com\/es\/wp-content\/uploads\/2023\/05\/WhatsApp-Image-2023-05-03-at-9.03.59-AM-1-236x420.jpeg 236w\" sizes=\"auto, (max-width: 1153px) 100vw, 1153px\" \/><\/a>\n\t\t\t<\/div>\n\t\t\t\t<figcaption class='wp-caption-text gallery-caption' id='gallery-1-50000'>\n\t\t\t\tFoto: Vida de Madrid \n\t\t\t\t<\/figcaption><\/figure><figure class='gallery-item'>\n\t\t\t<div class='gallery-icon portrait'>\n\t\t\t\t<a href='https:\/\/www.vidademadrid.com\/es\/49987\/casa-stradivarius-horario-actividades-fechas-2023\/whatsapp-image-2023-05-03-at-9-03-59-am\/'><img loading=\"lazy\" decoding=\"async\" width=\"1153\" height=\"2048\" src=\"https:\/\/www.vidademadrid.com\/es\/wp-content\/uploads\/2023\/05\/WhatsApp-Image-2023-05-03-at-9.03.59-AM.jpeg\" class=\"attachment-full size-full\" alt=\"\" aria-describedby=\"gallery-1-50001\" srcset=\"https:\/\/www.vidademadrid.com\/es\/wp-content\/uploads\/2023\/05\/WhatsApp-Image-2023-05-03-at-9.03.59-AM.jpeg 1153w, https:\/\/www.vidademadrid.com\/es\/wp-content\/uploads\/2023\/05\/WhatsApp-Image-2023-05-03-at-9.03.59-AM-169x300.jpeg 169w, https:\/\/www.vidademadrid.com\/es\/wp-content\/uploads\/2023\/05\/WhatsApp-Image-2023-05-03-at-9.03.59-AM-577x1024.jpeg 577w, https:\/\/www.vidademadrid.com\/es\/wp-content\/uploads\/2023\/05\/WhatsApp-Image-2023-05-03-at-9.03.59-AM-768x1364.jpeg 768w, https:\/\/www.vidademadrid.com\/es\/wp-content\/uploads\/2023\/05\/WhatsApp-Image-2023-05-03-at-9.03.59-AM-865x1536.jpeg 865w, https:\/\/www.vidademadrid.com\/es\/wp-content\/uploads\/2023\/05\/WhatsApp-Image-2023-05-03-at-9.03.59-AM-696x1236.jpeg 696w, https:\/\/www.vidademadrid.com\/es\/wp-content\/uploads\/2023\/05\/WhatsApp-Image-2023-05-03-at-9.03.59-AM-1068x1897.jpeg 1068w, https:\/\/www.vidademadrid.com\/es\/wp-content\/uploads\/2023\/05\/WhatsApp-Image-2023-05-03-at-9.03.59-AM-236x420.jpeg 236w\" sizes=\"auto, (max-width: 1153px) 100vw, 1153px\" \/><\/a>\n\t\t\t<\/div>\n\t\t\t\t<figcaption class='wp-caption-text gallery-caption' id='gallery-1-50001'>\n\t\t\t\tFoto: Vida de Madrid \n\t\t\t\t<\/figcaption><\/figure><figure class='gallery-item'>\n\t\t\t<div class='gallery-icon landscape'>\n\t\t\t\t<a href='https:\/\/www.vidademadrid.com\/es\/49987\/casa-stradivarius-horario-actividades-fechas-2023\/whatsapp-image-2023-05-03-at-9-03-58-am\/'><img loading=\"lazy\" decoding=\"async\" width=\"2000\" height=\"1125\" src=\"https:\/\/www.vidademadrid.com\/es\/wp-content\/uploads\/2023\/05\/WhatsApp-Image-2023-05-03-at-9.03.58-AM.jpeg\" class=\"attachment-full size-full\" alt=\"\" aria-describedby=\"gallery-1-50002\" srcset=\"https:\/\/www.vidademadrid.com\/es\/wp-content\/uploads\/2023\/05\/WhatsApp-Image-2023-05-03-at-9.03.58-AM.jpeg 2000w, https:\/\/www.vidademadrid.com\/es\/wp-content\/uploads\/2023\/05\/WhatsApp-Image-2023-05-03-at-9.03.58-AM-300x169.jpeg 300w, https:\/\/www.vidademadrid.com\/es\/wp-content\/uploads\/2023\/05\/WhatsApp-Image-2023-05-03-at-9.03.58-AM-1024x576.jpeg 1024w, https:\/\/www.vidademadrid.com\/es\/wp-content\/uploads\/2023\/05\/WhatsApp-Image-2023-05-03-at-9.03.58-AM-768x432.jpeg 768w, https:\/\/www.vidademadrid.com\/es\/wp-content\/uploads\/2023\/05\/WhatsApp-Image-2023-05-03-at-9.03.58-AM-1536x864.jpeg 1536w, https:\/\/www.vidademadrid.com\/es\/wp-content\/uploads\/2023\/05\/WhatsApp-Image-2023-05-03-at-9.03.58-AM-696x392.jpeg 696w, https:\/\/www.vidademadrid.com\/es\/wp-content\/uploads\/2023\/05\/WhatsApp-Image-2023-05-03-at-9.03.58-AM-1068x601.jpeg 1068w, https:\/\/www.vidademadrid.com\/es\/wp-content\/uploads\/2023\/05\/WhatsApp-Image-2023-05-03-at-9.03.58-AM-1920x1080.jpeg 1920w, https:\/\/www.vidademadrid.com\/es\/wp-content\/uploads\/2023\/05\/WhatsApp-Image-2023-05-03-at-9.03.58-AM-747x420.jpeg 747w\" sizes=\"auto, (max-width: 2000px) 100vw, 2000px\" \/><\/a>\n\t\t\t<\/div>\n\t\t\t\t<figcaption class='wp-caption-text gallery-caption' id='gallery-1-50002'>\n\t\t\t\tFoto: Vida de Madrid\n\t\t\t\t<\/figcaption><\/figure>\n\t\t<\/div>\n\n\n\n<blockquote class=\"tiktok-embed\" cite=\"https:\/\/www.tiktok.com\/@vida_demadrid\/video\/7228954794147335429\" data-video-id=\"7228954794147335429\" style=\"max-width: 605px;min-width: 325px;\" > <section> <a target=\"_blank\" title=\"@vida_demadrid\" href=\"https:\/\/www.tiktok.com\/@vida_demadrid?refer=embed\" rel=\"noopener\">@vida_demadrid<\/a> S\u00f3lo esta semana, de jueves a domingo, de 10 a 22 h. Palacio de Santa B\u00e1rbara en Alonso Mart\u00ednez. <a title=\"casastradivarius\" target=\"_blank\" href=\"https:\/\/www.tiktok.com\/tag\/casastradivarius?refer=embed\" rel=\"noopener\">#casastradivarius<\/a> <a title=\"madrid\" target=\"_blank\" href=\"https:\/\/www.tiktok.com\/tag\/madrid?refer=embed\" rel=\"noopener\">#madrid<\/a> <a title=\"planesmadrid\" target=\"_blank\" href=\"https:\/\/www.tiktok.com\/tag\/planesmadrid?refer=embed\" rel=\"noopener\">#planesmadrid<\/a> <a title=\"modamadrid\" target=\"_blank\" href=\"https:\/\/www.tiktok.com\/tag\/modamadrid?refer=embed\" rel=\"noopener\">#modamadrid<\/a> <a target=\"_blank\" title=\"\u266c Todo Contigo - \u00c1lvaro De Luna\" href=\"https:\/\/www.tiktok.com\/music\/Todo-Contigo-7210368323937110017?refer=embed\" rel=\"noopener\">\u266c Todo Contigo &#8211; \u00c1lvaro De Luna<\/a> <\/section> <\/blockquote> <script async src=\"https:\/\/www.tiktok.com\/embed.js\"><\/script>\n","protected":false},"excerpt":{"rendered":"<p>Tendr\u00e1n charlas, sesiones de barr\u00e9, workshops y m\u00e1s. <\/p>\n","protected":false},"author":15,"featured_media":50012,"comment_status":"open","ping_status":"open","sticky":false,"template":"","format":"standard","meta":{"footnotes":""},"categories":[186,27],"tags":[],"class_list":{"0":"post-49987","1":"post","2":"type-post","3":"status-publish","4":"format-standard","5":"has-post-thumbnail","7":"category-experiencias-originales-y-juegos","8":"category-tiendas-madrid"},"_links":{"self":[{"href":"https:\/\/www.vidademadrid.com\/es\/wp-json\/wp\/v2\/posts\/49987","targetHints":{"allow":["GET"]}}],"collection":[{"href":"https:\/\/www.vidademadrid.com\/es\/wp-json\/wp\/v2\/posts"}],"about":[{"href":"https:\/\/www.vidademadrid.com\/es\/wp-json\/wp\/v2\/types\/post"}],"author":[{"embeddable":true,"href":"https:\/\/www.vidademadrid.com\/es\/wp-json\/wp\/v2\/users\/15"}],"replies":[{"embeddable":true,"href":"https:\/\/www.vidademadrid.com\/es\/wp-json\/wp\/v2\/comments?post=49987"}],"version-history":[{"count":4,"href":"https:\/\/www.vidademadrid.com\/es\/wp-json\/wp\/v2\/posts\/49987\/revisions"}],"predecessor-version":[{"id":50013,"href":"https:\/\/www.vidademadrid.com\/es\/wp-json\/wp\/v2\/posts\/49987\/revisions\/50013"}],"wp:featuredmedia":[{"embeddable":true,"href":"https:\/\/www.vidademadrid.com\/es\/wp-json\/wp\/v2\/media\/50012"}],"wp:attachment":[{"href":"https:\/\/www.vidademadrid.com\/es\/wp-json\/wp\/v2\/media?parent=49987"}],"wp:term":[{"taxonomy":"category","embeddable":true,"href":"https:\/\/www.vidademadrid.com\/es\/wp-json\/wp\/v2\/categories?post=49987"},{"taxonomy":"post_tag","embeddable":true,"href":"https:\/\/www.vidademadrid.com\/es\/wp-json\/wp\/v2\/tags?post=49987"}],"curies":[{"name":"wp","href":"https:\/\/api.w.org\/{rel}","templated":true}]}}