{"id":49821,"date":"2023-04-25T11:43:34","date_gmt":"2023-04-25T09:43:34","guid":{"rendered":"https:\/\/www.vidademadrid.com\/es\/?p=49821"},"modified":"2023-04-25T11:43:38","modified_gmt":"2023-04-25T09:43:38","slug":"recreacion-historica-2-mayo-parque-retiro-madrid-2023","status":"publish","type":"post","link":"https:\/\/www.vidademadrid.com\/es\/49821\/recreacion-historica-2-mayo-parque-retiro-madrid-2023\/","title":{"rendered":"Recreaci\u00f3n hist\u00f3rica del 2 de mayo en el Retiro y centro de Madrid"},"content":{"rendered":"<p>El&nbsp;<strong>2 de mayo, D\u00eda de la Comunidad de Madrid,&nbsp;<\/strong>se conmemora el levantamiento del pueblo contra la invasi\u00f3n francesa y para rendir homenaje a este importante momento se recrear\u00e1n los sucesos de esa \u00e9poca en el Retiro y el centro de la ciudad. Sigue leyendo este art\u00edculo para conocer toda la informaci\u00f3n.&nbsp;<\/p>\n<h2>Recreaci\u00f3n hist\u00f3rica del 2 de mayo&nbsp;<\/h2>\n<p><script async=\"\" src=\"https:\/\/pagead2.googlesyndication.com\/pagead\/js\/adsbygoogle.js\"><\/script> <ins class=\"adsbygoogle\" style=\"display:block\" data-ad-format=\"fluid\" data-ad-layout-key=\"-7f+eo+1+2-5\" data-ad-client=\"ca-pub-7450064428034605\" data-ad-slot=\"7327027071\"><\/ins><script>(adsbygoogle = window.adsbygoogle || []).push({});<\/script>El&nbsp;<strong>domingo 30 de abril&nbsp;<\/strong>se recrear\u00e1n los sucesos de 1808 cuando el pueblo se levant\u00f3 contra la invasi\u00f3n francesa y que le se&nbsp;<strong>conmemoran cada 2 de mayo&nbsp;<\/strong>en todo el territorio de la Comunidad de Madrid.&nbsp;<\/p>\n<p>Este domingo habr\u00e1 visitas a lugares ic\u00f3nicos de la Guerra de Independencia, Homenaje a los ca\u00eddos el 2 de mayo, desfile hist\u00f3rico, homenajes, un desfile que recorrer\u00e1 el centro, la recreaci\u00f3n del levantamiento del 2 de mayo de 1808 y m\u00e1s.&nbsp;<\/p>\n<h2>Programa de la recreaci\u00f3n hist\u00f3rica del 2 de mayo&nbsp;<\/h2>\n<p><script async=\"\" src=\"https:\/\/pagead2.googlesyndication.com\/pagead\/js\/adsbygoogle.js\"><\/script> <ins class=\"adsbygoogle\" style=\"display:block; text-align:center;\" data-ad-layout=\"in-article\" data-ad-format=\"fluid\" data-ad-client=\"ca-pub-7450064428034605\" data-ad-slot=\"5670045061\"><\/ins> <script>(adsbygoogle = window.adsbygoogle || []).push({});<\/script>El d\u00eda&nbsp;<strong>30 de abril&nbsp;<\/strong>se llevar\u00e1 a cabo la recreaci\u00f3n hist\u00f3rica de los levantamientos del&nbsp;<strong>2 de mayo de 1808:<\/strong><\/p>\n<ul>\n<li>11 horas: Visita a lugares ic\u00f3nicos de la Guerra de Independencia en el&nbsp;<strong>Parque del Retiro:&nbsp;<\/strong>desfile c\u00edvico-militar, maniobras e instrucci\u00f3n, paseos hist\u00f3ricos y visitas guiadas (Casa de Fieras, Huerto del Franc\u00e9s, Cuartel de Caballer\u00eda Imperial, Observatorio Astron\u00f3mico, Fortaleza del Retiro, etc.).<\/li>\n<li>16 horas: Formaci\u00f3n de la columna de recreadores franceses y espa\u00f1oles. Desfile por el <strong>Paseo de Argentina<\/strong>, dentro del parque.&nbsp;<\/li>\n<li>16.30 horas: Homenaje a los ca\u00eddos el 2 de mayo en la plaza de la Lealtad<\/li>\n<li>17 horas: <strong>Desfile por el Madrid hist\u00f3rico<\/strong> (Bulevar del paseo del Prado, calle Alcal\u00e1 y Puerta del Sol)<\/li>\n<li>17.45 horas: Breve homenaje en la<strong> Puerta del Sol&nbsp;<\/strong><\/li>\n<li>18 horas: Desfile por la calle Mayor, calle Postas, Plaza Mayor, calle Ciudad Rodrigo, calle de Santiago, Plazuela de Santiago, calle Requena, plaza de Oriente, etc.)<\/li>\n<li>18.30 horas: Recreaci\u00f3n del Levantamiento del 2 de mayo de 1808 en la<strong> plaza de Oriente<\/strong><\/li>\n<li>20.30 horas: Actos de clausura de la Recreaci\u00f3n Hist\u00f3rica<\/li>\n<\/ul>\n<p>&nbsp;<\/p>\n","protected":false},"excerpt":{"rendered":"<p>Se recrear\u00e1n los sucesos de 1808 en la plaza de Oriente. <\/p>\n","protected":false},"author":15,"featured_media":49822,"comment_status":"open","ping_status":"open","sticky":false,"template":"","format":"standard","meta":{"footnotes":""},"categories":[101],"tags":[],"class_list":{"0":"post-49821","1":"post","2":"type-post","3":"status-publish","4":"format-standard","5":"has-post-thumbnail","7":"category-ferias-fiestas-mercados-madrid"},"_links":{"self":[{"href":"https:\/\/www.vidademadrid.com\/es\/wp-json\/wp\/v2\/posts\/49821","targetHints":{"allow":["GET"]}}],"collection":[{"href":"https:\/\/www.vidademadrid.com\/es\/wp-json\/wp\/v2\/posts"}],"about":[{"href":"https:\/\/www.vidademadrid.com\/es\/wp-json\/wp\/v2\/types\/post"}],"author":[{"embeddable":true,"href":"https:\/\/www.vidademadrid.com\/es\/wp-json\/wp\/v2\/users\/15"}],"replies":[{"embeddable":true,"href":"https:\/\/www.vidademadrid.com\/es\/wp-json\/wp\/v2\/comments?post=49821"}],"version-history":[{"count":1,"href":"https:\/\/www.vidademadrid.com\/es\/wp-json\/wp\/v2\/posts\/49821\/revisions"}],"predecessor-version":[{"id":49830,"href":"https:\/\/www.vidademadrid.com\/es\/wp-json\/wp\/v2\/posts\/49821\/revisions\/49830"}],"wp:featuredmedia":[{"embeddable":true,"href":"https:\/\/www.vidademadrid.com\/es\/wp-json\/wp\/v2\/media\/49822"}],"wp:attachment":[{"href":"https:\/\/www.vidademadrid.com\/es\/wp-json\/wp\/v2\/media?parent=49821"}],"wp:term":[{"taxonomy":"category","embeddable":true,"href":"https:\/\/www.vidademadrid.com\/es\/wp-json\/wp\/v2\/categories?post=49821"},{"taxonomy":"post_tag","embeddable":true,"href":"https:\/\/www.vidademadrid.com\/es\/wp-json\/wp\/v2\/tags?post=49821"}],"curies":[{"name":"wp","href":"https:\/\/api.w.org\/{rel}","templated":true}]}}