{"id":49720,"date":"2023-04-20T11:17:59","date_gmt":"2023-04-20T09:17:59","guid":{"rendered":"https:\/\/www.vidademadrid.com\/es\/?p=49720"},"modified":"2023-04-20T12:30:04","modified_gmt":"2023-04-20T10:30:04","slug":"eurovision-2023-concierto-blanca-paloma-photocall-callao-entradas","status":"publish","type":"post","link":"https:\/\/www.vidademadrid.com\/es\/49720\/eurovision-2023-concierto-blanca-paloma-photocall-callao-entradas\/","title":{"rendered":"Eurovision 2023: concierto de despedida de Blanca Paloma y photocall en Callao"},"content":{"rendered":"<p><strong>Eurovision 2023&nbsp;<\/strong>est\u00e1 muy cerca y&nbsp;<strong>Blanca Paloma&nbsp;<\/strong>se despedir\u00e1 antes de irse a Liverpool con un&nbsp;<strong>concierto de despedida&nbsp;<\/strong>en&nbsp;<strong>Callao&nbsp;<\/strong>donde tambi\u00e9n habr\u00e1 un&nbsp;<strong>photocall&nbsp;<\/strong>por donde pasar\u00e1n los invitados al evento. Sigue leyendo este art\u00edculo para conocer toda la informaci\u00f3n.&nbsp;<\/p>\n<h2>Concierto de Blanca Paloma en Callao&nbsp;<\/h2>\n<p><script async=\"\" src=\"https:\/\/pagead2.googlesyndication.com\/pagead\/js\/adsbygoogle.js\"><\/script> <ins class=\"adsbygoogle\" style=\"display:block\" data-ad-format=\"fluid\" data-ad-layout-key=\"-7f+eo+1+2-5\" data-ad-client=\"ca-pub-7450064428034605\" data-ad-slot=\"7327027071\"><\/ins><script>(adsbygoogle = window.adsbygoogle || []).push({});<\/script>Antes de irse a&nbsp;<strong>Liverpool&nbsp;<\/strong>para participar en&nbsp;<strong>Eurovision 2023,&nbsp;<\/strong><strong>Blanca Paloma&nbsp;<\/strong>dar\u00e1 un&nbsp;<strong>concierto de despedida&nbsp;<\/strong>en&nbsp;<strong>Cines Callao,&nbsp;<\/strong>en la plaza de Callao el jueves <strong>27 de abril a las 20 horas.&nbsp;<\/strong><\/p>\n<p>En este concierto actuar\u00e1n algunos compa\u00f1eros de Blanca Paloma del&nbsp;<strong>Benidorm Fest&nbsp;<\/strong>como&nbsp;<strong>Megara, Siderland, Famous, Rakky Ripper, Jose Otero, Aritz, E&#8217;FEMME y Twin Melody.&nbsp;<\/strong>Adem\u00e1s, se proyectar\u00e1 el documental&nbsp;<strong>\u00abDime, historia de una canci\u00f3n\u00bb&nbsp;<\/strong>sobre el paso de&nbsp;<strong>Beth en Eurovision.&nbsp;<\/strong><\/p>\n<h2>Photocall y entradas<\/h2>\n<p><script async=\"\" src=\"https:\/\/pagead2.googlesyndication.com\/pagead\/js\/adsbygoogle.js\"><\/script> <ins class=\"adsbygoogle\" style=\"display:block; text-align:center;\" data-ad-layout=\"in-article\" data-ad-format=\"fluid\" data-ad-client=\"ca-pub-7450064428034605\" data-ad-slot=\"5670045061\"><\/ins> <script>(adsbygoogle = window.adsbygoogle || []).push({});<\/script>Antes del concierto habr\u00e1 un&nbsp;<strong>photocall&nbsp;<\/strong>en la&nbsp;<strong>plaza de Callao&nbsp;<\/strong>en el que estar\u00e1n los artistas invitados al evento. Para poder asistir,&nbsp;<strong>RTVE&nbsp;<\/strong>ha puesto en marcha un sorteo de&nbsp;<strong>50 entradas dobles.&nbsp;<\/strong><\/p>\n<p>Se puede participar en el sorteo hasta el&nbsp;<strong>domingo 23 de abril a las 23:59&nbsp;<\/strong>y se necesitar\u00e1 hacer una&nbsp;<strong>cuenta nueva&nbsp;<\/strong>de&nbsp;<strong>RTVE play&nbsp;<\/strong>(no funcionan las cuentas que ya estuvieran registradas) y rellenar el formulario en este <a href=\"https:\/\/www.rtve.es\/television\/eurovision\/concierto-blanca-paloma\/index.html\">enlace<\/a>.&nbsp;<\/p>\n","protected":false},"excerpt":{"rendered":"<p>Adem\u00e1s, se est\u00e1n sorteando 50 entradas. <\/p>\n","protected":false},"author":15,"featured_media":49721,"comment_status":"open","ping_status":"open","sticky":false,"template":"","format":"standard","meta":{"footnotes":""},"categories":[101,187],"tags":[],"class_list":{"0":"post-49720","1":"post","2":"type-post","3":"status-publish","4":"format-standard","5":"has-post-thumbnail","7":"category-ferias-fiestas-mercados-madrid","8":"category-madrid-hoy"},"_links":{"self":[{"href":"https:\/\/www.vidademadrid.com\/es\/wp-json\/wp\/v2\/posts\/49720","targetHints":{"allow":["GET"]}}],"collection":[{"href":"https:\/\/www.vidademadrid.com\/es\/wp-json\/wp\/v2\/posts"}],"about":[{"href":"https:\/\/www.vidademadrid.com\/es\/wp-json\/wp\/v2\/types\/post"}],"author":[{"embeddable":true,"href":"https:\/\/www.vidademadrid.com\/es\/wp-json\/wp\/v2\/users\/15"}],"replies":[{"embeddable":true,"href":"https:\/\/www.vidademadrid.com\/es\/wp-json\/wp\/v2\/comments?post=49720"}],"version-history":[{"count":2,"href":"https:\/\/www.vidademadrid.com\/es\/wp-json\/wp\/v2\/posts\/49720\/revisions"}],"predecessor-version":[{"id":49723,"href":"https:\/\/www.vidademadrid.com\/es\/wp-json\/wp\/v2\/posts\/49720\/revisions\/49723"}],"wp:featuredmedia":[{"embeddable":true,"href":"https:\/\/www.vidademadrid.com\/es\/wp-json\/wp\/v2\/media\/49721"}],"wp:attachment":[{"href":"https:\/\/www.vidademadrid.com\/es\/wp-json\/wp\/v2\/media?parent=49720"}],"wp:term":[{"taxonomy":"category","embeddable":true,"href":"https:\/\/www.vidademadrid.com\/es\/wp-json\/wp\/v2\/categories?post=49720"},{"taxonomy":"post_tag","embeddable":true,"href":"https:\/\/www.vidademadrid.com\/es\/wp-json\/wp\/v2\/tags?post=49720"}],"curies":[{"name":"wp","href":"https:\/\/api.w.org\/{rel}","templated":true}]}}