{"id":49636,"date":"2023-04-17T13:01:30","date_gmt":"2023-04-17T11:01:30","guid":{"rendered":"https:\/\/www.vidademadrid.com\/es\/?p=49636"},"modified":"2023-04-17T13:01:33","modified_gmt":"2023-04-17T11:01:33","slug":"tren-de-cervantes-alcala-de-henares-fechas-entradas","status":"publish","type":"post","link":"https:\/\/www.vidademadrid.com\/es\/49636\/tren-de-cervantes-alcala-de-henares-fechas-entradas\/","title":{"rendered":"Vuelve el Tren de Cervantes que transporta a sus viajeros al Siglo de Oro"},"content":{"rendered":"\n<p>Ya se puede disfrutar de la nueva temporada del&nbsp;<strong>Tren de Cervantes<\/strong>, el ferrocarril tem\u00e1tico que transporta a todos sus viajeros al Siglo de Oro. En este art\u00edculo te contamos todo sobre esta original actividad.<\/p>\n\n\n\n<h2 class=\"wp-block-heading\">Tren de Cervantes 2023<\/h2>\n\n\n\n<script async=\"\" src=\"https:\/\/pagead2.googlesyndication.com\/pagead\/js\/adsbygoogle.js\"><\/script> <ins class=\"adsbygoogle\" style=\"display:block\" data-ad-format=\"fluid\" data-ad-layout-key=\"-7f+eo+1+2-5\" data-ad-client=\"ca-pub-7450064428034605\" data-ad-slot=\"7327027071\"><\/ins><script>(adsbygoogle = window.adsbygoogle || []).push({});<\/script>\n\n\n\n<p>El pasado 15 de abril se inaugur\u00f3 la&nbsp;<strong>nueva temporada del famoso Tren de Cervantes<\/strong>. Esta original actividad permite a sus viajeros subirse a un tren y vivir una experiencia \u00fanica que les har\u00e1 sentir como en el mism\u00edsimo Siglo de Oro. Este viaje da comienzo en Atocha junto a los personajes de la \u00e9poca y finaliza en Alcal\u00e1 de Henares, lugar de nacimiento de Miguel de Cervantes.<\/p>\n\n\n\n<p>Una vez llegados al destino&nbsp;<strong>la actividad incluye un recorrido completo por la ciudad<\/strong>&nbsp;declarada Patrimonio de la Humanidad. Se visitan rincones como el&nbsp;Paseo de la Estaci\u00f3n, la&nbsp;Calle Libreros, la&nbsp;Plaza de Cervantes con referencias al Corral de Comedias y a la Capilla del Oidor, la&nbsp;Calle Mayor, la&nbsp;Plaza de las Bernardas, el&nbsp;Museo Arqueol\u00f3gico Regional y la&nbsp;Casa de la Entrevista entre otros. Ya puedes conocer el&nbsp;<strong>programa completo&nbsp;<a href=\"https:\/\/www.renfe.com\/es\/es\/experiencias\/trenes-tematicos\/tren-de-cervantes?s_kwcid=AL!11457!3!!!!x!!&amp;gclid=CjwKCAjw3POhBhBQEiwAqTCuBp1GFYP0_eDFrs_2hZXky8dJeBzgW5U1FqKtLyjJtvOj0ikX2rfqrBoCyKMQAvD_BwE\">aqu\u00ed<\/a><\/strong>.&nbsp;<\/p>\n\n\n\n<h2 class=\"wp-block-heading\">Tren de Cervantes 2023: Horarios y entradas<\/h2>\n\n\n\n<script async=\"\" src=\"https:\/\/pagead2.googlesyndication.com\/pagead\/js\/adsbygoogle.js\"><\/script> <ins class=\"adsbygoogle\" style=\"display:block; text-align:center;\" data-ad-layout=\"in-article\" data-ad-format=\"fluid\" data-ad-client=\"ca-pub-7450064428034605\" data-ad-slot=\"5670045061\"><\/ins> <script>(adsbygoogle = window.adsbygoogle || []).push({});<\/script>\n\n\n<p>El tren partir\u00e1 desde la estaci\u00f3n Puerta de Atocha &#8211; Almudena Grandes los d\u00edas: 22 y 29 de abril; 6, 13, 20 y 27 de mayo; 3, 10, 17 y 24 de junio y el 1 de julio.&nbsp;El&nbsp;<strong>precio del&nbsp;billete&nbsp;es de 22 euros por adulto y 16 euros para ni\u00f1os de 7 a 11 a\u00f1os<\/strong>&nbsp;y pueden adquirirse a trav\u00e9s de la&nbsp;<a href=\"https:\/\/www.renfe.com\/es\/es\/experiencias\/trenes-tematicos\/tren-de-cervantes?s_kwcid=AL!11457!3!!!!x!!&amp;gclid=CjwKCAjw3POhBhBQEiwAqTCuBp1GFYP0_eDFrs_2hZXky8dJeBzgW5U1FqKtLyjJtvOj0ikX2rfqrBoCyKMQAvD_BwE\">p\u00e1gina web de renfe<\/a>.<\/p>\n<p>Esta actividad volver\u00e1 a funcionar despu\u00e9s del verano, del 16 de septiembre al 2 de diciembre.<\/p>","protected":false},"excerpt":{"rendered":"<p>Un viaje tem\u00e1tico que incluye un recorrido por Alcal\u00e1 de Henares <\/p>\n","protected":false},"author":13,"featured_media":43921,"comment_status":"open","ping_status":"open","sticky":false,"template":"","format":"standard","meta":{"footnotes":""},"categories":[25,23],"tags":[],"class_list":{"0":"post-49636","1":"post","2":"type-post","3":"status-publish","4":"format-standard","5":"has-post-thumbnail","7":"category-escapadas-desde-madrid","8":"category-transportes-huelgas-madrid"},"_links":{"self":[{"href":"https:\/\/www.vidademadrid.com\/es\/wp-json\/wp\/v2\/posts\/49636","targetHints":{"allow":["GET"]}}],"collection":[{"href":"https:\/\/www.vidademadrid.com\/es\/wp-json\/wp\/v2\/posts"}],"about":[{"href":"https:\/\/www.vidademadrid.com\/es\/wp-json\/wp\/v2\/types\/post"}],"author":[{"embeddable":true,"href":"https:\/\/www.vidademadrid.com\/es\/wp-json\/wp\/v2\/users\/13"}],"replies":[{"embeddable":true,"href":"https:\/\/www.vidademadrid.com\/es\/wp-json\/wp\/v2\/comments?post=49636"}],"version-history":[{"count":3,"href":"https:\/\/www.vidademadrid.com\/es\/wp-json\/wp\/v2\/posts\/49636\/revisions"}],"predecessor-version":[{"id":49644,"href":"https:\/\/www.vidademadrid.com\/es\/wp-json\/wp\/v2\/posts\/49636\/revisions\/49644"}],"wp:featuredmedia":[{"embeddable":true,"href":"https:\/\/www.vidademadrid.com\/es\/wp-json\/wp\/v2\/media\/43921"}],"wp:attachment":[{"href":"https:\/\/www.vidademadrid.com\/es\/wp-json\/wp\/v2\/media?parent=49636"}],"wp:term":[{"taxonomy":"category","embeddable":true,"href":"https:\/\/www.vidademadrid.com\/es\/wp-json\/wp\/v2\/categories?post=49636"},{"taxonomy":"post_tag","embeddable":true,"href":"https:\/\/www.vidademadrid.com\/es\/wp-json\/wp\/v2\/tags?post=49636"}],"curies":[{"name":"wp","href":"https:\/\/api.w.org\/{rel}","templated":true}]}}