{"id":4950,"date":"2016-10-07T02:47:06","date_gmt":"2016-10-07T00:47:06","guid":{"rendered":"http:\/\/www.vidademadrid.com\/es\/?p=4950"},"modified":"2016-10-07T02:53:52","modified_gmt":"2016-10-07T00:53:52","slug":"festival-jazz-madrid-2016","status":"publish","type":"post","link":"https:\/\/www.vidademadrid.com\/es\/4950\/festival-jazz-madrid-2016\/","title":{"rendered":"Festival Jazz Madrid 2016: fechas, conciertos, programa, entradas"},"content":{"rendered":"<p>Llega el Festival Jazz Madrid 2016! Ser\u00e1 un evento muy muy interesante, con los conciertos de los mejores artistas jazz.<\/p>\n<p>Normalmente siempre presento eventos musicales con toda la info pr\u00e1ctica pero hoy quiero hacer m\u00e1s y poneros un v\u00eddeo para escuchar algunos de los grandes m\u00fasicos que van a tocar en el Festival del Jazz 2016 en Madrid.<br \/>\n<a href=\"#a\">Fechas y sedes<\/a> &#8211; <a href=\"#b\">Programaci\u00f3n conciertos y entradas<\/a><br \/>\n<script async src=\"\/\/pagead2.googlesyndication.com\/pagead\/js\/adsbygoogle.js\"><\/script> <!-- Vida vertical --> <ins class=\"adsbygoogle\" style=\"display:inline-block;width:300px;height:600px\" data-ad-client=\"ca-pub-7450064428034605\" data-ad-slot=\"7296098777\"><\/ins> <script> (adsbygoogle = window.adsbygoogle || []).push({}); <\/script> <\/p>\n<h2 id=\"a\">Festival del Jazz 2016 Madrid: fechas y sedes<\/h2>\n<p>El Festival Jazz empezer\u00e1 el 25 octubre 2016 y durar\u00e1 m\u00e1s de un mes, hasta el 30 Noviembre 2016. Hashtag oficial: #JazzMadrid16 (siempre es positivo usarlo para que m\u00e1s gente se entere del evento!)<\/p>\n<p>Habr\u00e1 dos sedes: el Conde Duque y el teatro Fern\u00e1n G\u00f3mez &#8211; Centro Cultural de la Villa.<\/p>\n<h2 id=\"b\">Festival del Jazz 2016 Madrid: programaci\u00f3n conciertos y entradas<\/h2>\n<p><script async src=\"\/\/pagead2.googlesyndication.com\/pagead\/js\/adsbygoogle.js\"><\/script> <!-- Vida 2 --> <ins class=\"adsbygoogle\" style=\"display:inline-block;width:336px;height:280px\" data-ad-client=\"ca-pub-7450064428034605\" data-ad-slot=\"9336835571\"><\/ins> <script> (adsbygoogle = window.adsbygoogle || []).push({}); <\/script> <\/p>\n<p>Las entradas se pueden comprar en las taquillas de Conde Duque y Fern\u00e1n Gomez, en sus webs y en la web oficial.<br \/>\n<script async src=\"\/\/pagead2.googlesyndication.com\/pagead\/js\/adsbygoogle.js\"><\/script> <!-- Vida 1 --> <ins class=\"adsbygoogle\" style=\"display:block\" data-ad-client=\"ca-pub-7450064428034605\" data-ad-slot=\"2284573579\" data-ad-format=\"auto\"><\/ins> <script> (adsbygoogle = window.adsbygoogle || []).push({}); <\/script><br \/>\nLink: <a href=\"http:\/\/www.festivaldejazzmadrid.com\/2016\/eventos\/categoria\/conciertos\/\">Entradas &#8211; web oficial<\/a><\/p>\n<blockquote><p>25 de octubre 2016 \u2013 20.00 h<br \/>\nCentro Cultural Conde Duque &#8211; Auditorio<br \/>\nHIROMI: THE TRIO PROJECT<br \/>\nFeat. Jimmy Johnson &#038; Simon Phillips<br \/>\nEntradas: 15 \u20ac \/ Reducidas: 13 \u20ac<\/p>\n<p>2 noviembre 2016 \u2013 19.30 h<br \/>\nCentro Cultural Conde Duque &#8211; Auditorio<br \/>\nCOREY HARRIS<br \/>\nEntradas: 10 \u20ac \/ Reducidas: 8 \u20ac<\/p>\n<p>3 noviembre 2016 \u2013 19.30 h<br \/>\nCentro Cultural Conde Duque &#8211; Auditorio<br \/>\nAZIZA FEAT. DAVE HOLLAND, CHRIS POTTER, LIONEL LOUEKE &#038;<br \/>\nERIC HARLAND<br \/>\nEntradas: 20 \u20ac \/ Reducidas: 18 \u20ac<\/p>\n<p>4 noviembre 2016 \u2013 19.30 h<br \/>\nCentro Cultural Conde Duque &#8211; Auditorio<br \/>\nLUIS VERDE QUINTETO<br \/>\nEntradas: 10 \u20ac \/ Reducidas: 8 \u20ac<\/p>\n<p>8 noviembre 2016 \u2013 19.30 h<br \/>\nCentro Cultural Conde Duque &#8211; Auditorio<br \/>\nANA POPOVIC BAND<br \/>\nEntradas: 10 \u20ac \/ Reducidas: 8 \u20ac<\/p>\n<p>8 noviembre 2016 \u2013 21.30 h<br \/>\nFern\u00e1n G\u00f3mez Centro Cultural de la Villa \u2013 Sala Guirau<br \/>\nCREATIVA JUNIOR BIG BAND<br \/>\nENTRADA LIBRE HASTA COMPLETAR AFORO<\/p>\n<p>9 noviembre 2016 \u2013 19.30 h<br \/>\nCentro Cultural Conde Duque &#8211; Auditorio<br \/>\nMARKUS STOCKHAUSEN &#038; FLORIAN WEBER<br \/>\n\u201cINSIDE OUT\u201d<br \/>\nEntradas: 10 \u20ac \/ Reducidas: 8 \u20ac<\/p>\n<p>9 noviembre 2016 \u2013 21.30 h<br \/>\nFern\u00e1n G\u00f3mez Centro Cultural de la Villa \u2013 Sala Guirau<br \/>\nRENE MARIE<br \/>\nAND EXPERIMENT IN TRUTH<br \/>\nEntradas: 25 \u20ac \/ Reducidas: 22 \u20ac<\/p>\n<p>10 noviembre 2016 \u2013 19.30 h<br \/>\nCentro Cultural Conde Duque &#8211; Auditorio<br \/>\nCHARLES LLOYD QUARTET<br \/>\nEntradas: 20 \u20ac \/ Reducidas: 18 \u20ac<\/p>\n<p>11 noviembre 2016 \u2013 19.30 h<br \/>\nCentro Cultural Conde Duque &#8211; Auditorio<br \/>\nPABLO M. CAMINERO<br \/>\n\u201cSALTO AL VAC\u00cdO\u201d<br \/>\nEntradas: 10 \u20ac \/ Reducidas: 8 \u20ac<\/p>\n<p>11 noviembre 2016 \u2013 21.30 h<br \/>\nFern\u00e1n G\u00f3mez Centro Cultural de la Villa \u2013 Sala Guirau<br \/>\nSOMI<br \/>\nEntradas: 20 \u20ac \/ Reducidas: 18 \u20ac<\/p>\n<p>12 noviembre 2016 \u2013 19.30 h<br \/>\nCentro Cultural Conde Duque &#8211; Auditorio<br \/>\nKONTXI LORENTE TR\u00cdO<br \/>\nEntradas: 10 \u20ac \/ Reducidas: 8 \u20ac<\/p>\n<p>12 noviembre 2016 \u2013 21.30 h<br \/>\nFern\u00e1n G\u00f3mez Centro Cultural de la Villa \u2013 Sala Guirau<br \/>\nDHAFER YOUSSEF 4TET<br \/>\nEntradas: 25 \u20ac \/ Reducidas: 22 \u20ac<\/p>\n<p>13 noviembre 2016 \u2013 20.00 h<br \/>\nFern\u00e1n G\u00f3mez Centro Cultural de la Villa \u2013 Sala Guirau<br \/>\nAMANIEL BIG BAND<br \/>\nENTRADA LIBRE HASTA COMPLETAR AFORO<\/p>\n<p>14 noviembre 2016 \u2013 19.30 h<br \/>\nCentro Cultural Conde Duque &#8211; Auditorio<br \/>\nDONNY MCCASLIN<br \/>\n\u00abFAST FUTURE\u00bb<br \/>\nEntradas: 10 \u20ac \/ Reducidas: 8 \u20ac<\/p>\n<p>15 noviembre 2016 \u2013 19.30 h<br \/>\nCentro Cultural Conde Duque &#8211; Auditorio<br \/>\nKRISTIN ASBJ\u00d8RNSEN<br \/>\nEntradas: 10 \u20ac \/ Reducidas: 8 \u20ac<\/p>\n<p>15 noviembre 2016 \u2013 21.30 h<br \/>\nFern\u00e1n G\u00f3mez Centro Cultural de la Villa \u2013 Sala Guirau<br \/>\nTHE STANLEY CLARKE BAND<br \/>\nEntradas: 20 \u20ac \/ Reducidas: 18 \u20ac<\/p>\n<p>16 noviembre 2016 \u2013 21.30 h<br \/>\nFern\u00e1n G\u00f3mez Centro Cultural de la Villa \u2013 Sala Guirau<br \/>\nJOHN SCOFIELD<br \/>\nCOUNTRY FOR OLD MEN<br \/>\nEntradas: 20 \u20ac \/ Reducidas: 18 \u20ac<\/p>\n<p>17 noviembre 2016 \u2013 19.30 h<br \/>\nCentro Cultural Conde Duque &#8211; Auditorio<br \/>\n<strong>RUDRESH MAHANTHAPPA\u2019S BIRD CALLS<\/strong><br \/>\ncon ADAM O\u2019FARRILL, JOSHUA WHITE, FRAN\u00c7OIS MOUTIN &#038; RUDY<br \/>\nROYSTON<br \/>\nEntradas: 10 \u20ac \/ Reducidas: 8 \u20ac<\/p>\n<p><iframe loading=\"lazy\" width=\"650\" height=\"366\" src=\"https:\/\/www.youtube.com\/embed\/YVPnDXp_RwU\" frameborder=\"0\" allowfullscreen><\/iframe><\/p>\n<p>17 noviembre 2016 \u2013 21.30 h<br \/>\nFern\u00e1n G\u00f3mez Centro Cultural de la Villa \u2013 Sala Guirau<br \/>\nXIMO T\u00c9BAR BAND \u00abSOLEO\u00bb.<br \/>\nTHE NEW SON MEDITERR\u00c1NEO<br \/>\nEntradas: 18 \u20ac \/ Reducidas: 16 \u20ac<\/p>\n<p>18 noviembre 2016 \u2013 19.30 h<br \/>\nCentro Cultural Conde Duque &#8211; Auditorio<br \/>\nMICHA\u0141 WR\u00d3BLEWSKI TRIO<br \/>\nEntradas: 10 \u20ac \/ Reducidas: 8 \u20ac<\/p>\n<p>18 noviembre 2016 \u2013 21.30 h<br \/>\nFern\u00e1n G\u00f3mez Centro Cultural de la Villa \u2013 Sala Guirau<br \/>\nSLY &#038; ROBBIE MEET NILS PETTER MOLVAER<br \/>\nfeat. Eivind Aarset and Vladislav Delay<br \/>\nEntradas: 20 \u20ac \/ Reducidas: 18 \u20ac<\/p>\n<p>19 noviembre 2016 \u2013 19.30 h<br \/>\nCentro Cultural Conde Duque &#8211; Auditorio<br \/>\nTERJE RYPDAL GROUP<br \/>\nEntradas: 15 \u20ac \/ Reducidas: 13 \u20ac<\/p>\n<p>19 noviembre 2016 \u2013 21.30 h<br \/>\nFern\u00e1n G\u00f3mez Centro Cultural de la Villa \u2013 Sala Guirau<br \/>\nO SISTER!<br \/>\nEntradas: 18 \u20ac \/ Reducidas: 16 \u20ac<\/p>\n<p>20 noviembre 2016 \u2013 20.00 h<br \/>\nFern\u00e1n G\u00f3mez Centro Cultural de la Villa \u2013 Sala Guirau<br \/>\nROBIN MCKELLE<br \/>\nEntradas: 25 \u20ac \/ Reducidas: 22 \u20ac<\/p>\n<p>21 noviembre 2016 \u2013 19.30 h<br \/>\nCentro Cultural Conde Duque &#8211; Auditorio<br \/>\nPOPA CHUBBY<br \/>\nEntradas: 10 \u20ac \/ Reducidas: 8 \u20ac<\/p>\n<p>21 noviembre 2016 \u2013 21.00 h<br \/>\nSALA CLAMORES \u2013 C\/ Alburquerque, 14<br \/>\nJACK BROADBENT<br \/>\nEntradas: 15 \u20ac<br \/>\nwww.servientradas.com<\/p>\n<p>22 noviembre 2016 \u2013 19.30 h<br \/>\nCentro Cultural Conde Duque &#8211; Auditorio<br \/>\nTARKOVSKY QUARTET<br \/>\n\u201cDREAMS\u201d<br \/>\nEntradas: 10 \u20ac \/ Reducidas: 8 \u20ac<\/p>\n<p>22 noviembre 2016 \u2013 21.30 h<br \/>\nFern\u00e1n G\u00f3mez Centro Cultural de la Villa \u2013 Sala Guirau<br \/>\nTHEO CROKER<br \/>\nESCAPE VELOCITY<br \/>\nEntradas: 20 \u20ac \/ Reducidas: 18 \u20ac<\/p>\n<p>23 noviembre 2016 \u2013 21.30 h<br \/>\nFern\u00e1n G\u00f3mez Centro Cultural de la Villa \u2013 Sala Guirau<br \/>\nTHE MADELEINE PEYROUX TRIO<br \/>\nEntradas: 20 \u20ac \/ Reducidas: 18 \u20ac<\/p>\n<p>24 noviembre 2016 \u2013 19.30 h<br \/>\nCentro Cultural Conde Duque &#8211; Auditorio<br \/>\nMARC COPLAND &#038; JOHN ABERCROMBIE D\u00daO<br \/>\nEntradas: 10 \u20ac \/ Reducidas: 8 \u20ac<\/p>\n<p>24 noviembre 2016 \u2013 20.00 y 22.00 h<br \/>\nSALA CLAMORES \u2013 C\/ Alburquerque, 14<br \/>\nROBERT GLASPER EXPERIMENT<br \/>\nEntradas: 30 \u20ac \/ Anticipadas: 26 \u20ac \/ Anticipadas (25 primeras): 23 \u20ac<br \/>\nwww.giglon.com<\/p>\n<p>25 noviembre 2016 \u2013 19.30 h<br \/>\nCentro Cultural Conde Duque &#8211; Auditorio<br \/>\nSUE FOLEY BAND<br \/>\nEntradas: 10 \u20ac \/ Reducidas: 8 \u20ac<\/p>\n<p>25 noviembre 2016 \u2013 21.30 h<br \/>\nFern\u00e1n G\u00f3mez Centro Cultural de la Villa \u2013 Sala Guirau<br \/>\nCHRISTIAN SCOTT<br \/>\nEntradas: 25 \u20ac \/ Reducidas: 22 \u20ac<\/p>\n<p>26 noviembre 2016 \u2013 19.30 h<br \/>\nCentro Cultural Conde Duque &#8211; Auditorio<br \/>\nGIULIA VALLE TR\u00cdO<br \/>\nEntradas: 10 \u20ac \/ Reducidas: 8 \u20ac<\/p>\n<p>26 noviembre 2016 \u2013 21.30 h<br \/>\nFern\u00e1n G\u00f3mez Centro Cultural de la Villa \u2013 Sala Guirau<br \/>\nGREGORY PORTER<br \/>\nEntradas: 20 \u20ac \/ Reducidas: 18 \u20ac<\/p>\n<p>27 noviembre 2016 \u2013 20.00 h<br \/>\nFern\u00e1n G\u00f3mez Centro Cultural de la Villa \u2013 Sala Guirau<br \/>\nNI\u00d1O JOSELE QUARTET<br \/>\nEntradas: 20 \u20ac \/ Reducidas: 18 \u20ac<\/p>\n<p>29 noviembre 2016 \u2013 19.30 h<br \/>\nCentro Cultural Conde Duque &#8211; Auditorio<br \/>\nMARTA S\u00c1NCHEZ QUINTET<br \/>\nEntradas: 10 \u20ac \/ Reducidas: 8 \u20ac<\/p>\n<p>30 noviembre 2016 \u2013 19.30 h<br \/>\nCentro Cultural Conde Duque &#8211; Auditorio<br \/>\nJAVIER COLINA TRIO Y QUINTETO<br \/>\nInvitado especial: Jerry Gonz\u00e1lez<br \/>\nEntradas: 15 \u20ac \/ Reducidas: 13 \u20ac<\/p>\n","protected":false},"excerpt":{"rendered":"<p>Del 25 octubre al 30 noviembre!<\/p>\n","protected":false},"author":1,"featured_media":0,"comment_status":"open","ping_status":"open","sticky":false,"template":"","format":"standard","meta":{"footnotes":""},"categories":[11],"tags":[8],"class_list":{"0":"post-4950","1":"post","2":"type-post","3":"status-publish","4":"format-standard","6":"category-eventos-madrid","7":"tag-centro-de-madrid"},"_links":{"self":[{"href":"https:\/\/www.vidademadrid.com\/es\/wp-json\/wp\/v2\/posts\/4950","targetHints":{"allow":["GET"]}}],"collection":[{"href":"https:\/\/www.vidademadrid.com\/es\/wp-json\/wp\/v2\/posts"}],"about":[{"href":"https:\/\/www.vidademadrid.com\/es\/wp-json\/wp\/v2\/types\/post"}],"author":[{"embeddable":true,"href":"https:\/\/www.vidademadrid.com\/es\/wp-json\/wp\/v2\/users\/1"}],"replies":[{"embeddable":true,"href":"https:\/\/www.vidademadrid.com\/es\/wp-json\/wp\/v2\/comments?post=4950"}],"version-history":[{"count":6,"href":"https:\/\/www.vidademadrid.com\/es\/wp-json\/wp\/v2\/posts\/4950\/revisions"}],"predecessor-version":[{"id":4958,"href":"https:\/\/www.vidademadrid.com\/es\/wp-json\/wp\/v2\/posts\/4950\/revisions\/4958"}],"wp:attachment":[{"href":"https:\/\/www.vidademadrid.com\/es\/wp-json\/wp\/v2\/media?parent=4950"}],"wp:term":[{"taxonomy":"category","embeddable":true,"href":"https:\/\/www.vidademadrid.com\/es\/wp-json\/wp\/v2\/categories?post=4950"},{"taxonomy":"post_tag","embeddable":true,"href":"https:\/\/www.vidademadrid.com\/es\/wp-json\/wp\/v2\/tags?post=4950"}],"curies":[{"name":"wp","href":"https:\/\/api.w.org\/{rel}","templated":true}]}}