{"id":49457,"date":"2023-04-10T11:35:00","date_gmt":"2023-04-10T09:35:00","guid":{"rendered":"https:\/\/www.vidademadrid.com\/es\/?p=49457"},"modified":"2023-04-10T02:16:22","modified_gmt":"2023-04-10T00:16:22","slug":"exposicion-vinos-vina-comunidad-madrid-horario-nuevo-baztan-2023","status":"publish","type":"post","link":"https:\/\/www.vidademadrid.com\/es\/49457\/exposicion-vinos-vina-comunidad-madrid-horario-nuevo-baztan-2023\/","title":{"rendered":"Visita la exposici\u00f3n \u00abEl vino y la vi\u00f1a en la Comunidad de Madrid. Patrimonio inmaterial\u00bb"},"content":{"rendered":"<p class=\"p1\">El <b>Centro de Interpretaci\u00f3n de Nuevo Bazt\u00e1n <\/b>alberga la exposici\u00f3n <b>\u00abEl vino y la vi\u00f1a en la Comunidad de Madrid. Patrimonio inmaterial\u00bb<\/b> en la que se abordan distintos temas relacionados con los vinos y los vi\u00f1edos. Sigue leyendo este art\u00edculo para conocer toda la informaci\u00f3n.<span class=\"Apple-converted-space\">\u00a0<\/span><\/p>\n<h2 class=\"p1\">\u00abEl vino y la vi\u00f1a en la Comunidad de Madrid. Patrimonio inmaterial\u00bb<\/h2>\n<p class=\"p1\">La exposici\u00f3n <b>\u00abEl vino y la vi\u00f1a en la Comunidad de Madrid. Patrimonio inmaterial\u00bb <\/b>aborda distintos aspectos relacionados con el <b>vi\u00f1edo y el vino, <\/b>como las t\u00e9cnicas, expresiones y simbolismos relacionados con este saber, considerados <b>patrimonio cultural.<span class=\"Apple-converted-space\">\u00a0<\/span><\/b><\/p>\n<p class=\"p1\">A trav\u00e9s de objetos y fotograf\u00edas procedentes de diferentes<span class=\"Apple-converted-space\">\u00a0 <\/span>museos y colecciones privadas, <b>\u00abEl vino y la vi\u00f1a en la Comunidad de Madrid. Patrimonio inmaterial\u00bb <\/b>realiza un recorrido por el <b>vi\u00f1edo y el vino <\/b>desde la <b>\u00e9poca romana, <\/b>con la casa de Baco del yacimiento de Complutum o la villa romana de Carabanchel,<b> <\/b>hasta nuestros d\u00edas.<span class=\"Apple-converted-space\">\u00a0<\/span><\/p>\n<p class=\"p1\">Actualmente, la <b>Comunidad de Madrid <\/b>cuenta con tres subsanas de Denominaci\u00f3n de Origen Vinos de Madrid: <b>Arganda, Navalcarnero y San Mart\u00edn de Valdeiglesias.<span class=\"Apple-converted-space\">\u00a0<\/span><\/b><\/p>\n<p class=\"p1\">Esta exposici\u00f3n forma parte de la celebraci\u00f3n de los Nuevo Bazt\u00e1n.<span class=\"Apple-converted-space\">\u00a0<\/span><\/p>\n<h2 class=\"p1\">Visita la exposici\u00f3n<span class=\"Apple-converted-space\">\u00a0<\/span><\/h2>\n<p class=\"p1\">La exposici\u00f3n<b> \u00abEl vino y la vi\u00f1a en la Comunidad de Madrid. Patrimonio inmaterial\u00bb <\/b>se podr\u00e1 visitar hasta el <b>21 de junio de 2023 <\/b>en el Palacio Juan de Goyeneche en <b>Nuevo Bazt\u00e1n. <\/b>Se puede llegar en la <b>l\u00ednea 261 <\/b>de los autobuses interurbanos desde el Intercambiador de Avenida de Am\u00e9rica.<span class=\"Apple-converted-space\">\u00a0<\/span><\/p>\n<p class=\"p1\">El horario de apertura es de <b>martes a s\u00e1bado <\/b>de <b>11 a 18 horas <\/b>y los <b>domingos y festivos <\/b>de <b>11 a 15 horas.<span class=\"Apple-converted-space\">\u00a0<\/span><\/b><\/p>\n","protected":false},"excerpt":{"rendered":"<p>Conoce la historia desde la \u00e9poca romana hasta nuestros d\u00edas. <\/p>\n","protected":false},"author":15,"featured_media":49458,"comment_status":"open","ping_status":"open","sticky":false,"template":"","format":"standard","meta":{"footnotes":""},"categories":[111],"tags":[],"class_list":{"0":"post-49457","1":"post","2":"type-post","3":"status-publish","4":"format-standard","5":"has-post-thumbnail","7":"category-exposiciones-madrid"},"_links":{"self":[{"href":"https:\/\/www.vidademadrid.com\/es\/wp-json\/wp\/v2\/posts\/49457","targetHints":{"allow":["GET"]}}],"collection":[{"href":"https:\/\/www.vidademadrid.com\/es\/wp-json\/wp\/v2\/posts"}],"about":[{"href":"https:\/\/www.vidademadrid.com\/es\/wp-json\/wp\/v2\/types\/post"}],"author":[{"embeddable":true,"href":"https:\/\/www.vidademadrid.com\/es\/wp-json\/wp\/v2\/users\/15"}],"replies":[{"embeddable":true,"href":"https:\/\/www.vidademadrid.com\/es\/wp-json\/wp\/v2\/comments?post=49457"}],"version-history":[{"count":1,"href":"https:\/\/www.vidademadrid.com\/es\/wp-json\/wp\/v2\/posts\/49457\/revisions"}],"predecessor-version":[{"id":49459,"href":"https:\/\/www.vidademadrid.com\/es\/wp-json\/wp\/v2\/posts\/49457\/revisions\/49459"}],"wp:featuredmedia":[{"embeddable":true,"href":"https:\/\/www.vidademadrid.com\/es\/wp-json\/wp\/v2\/media\/49458"}],"wp:attachment":[{"href":"https:\/\/www.vidademadrid.com\/es\/wp-json\/wp\/v2\/media?parent=49457"}],"wp:term":[{"taxonomy":"category","embeddable":true,"href":"https:\/\/www.vidademadrid.com\/es\/wp-json\/wp\/v2\/categories?post=49457"},{"taxonomy":"post_tag","embeddable":true,"href":"https:\/\/www.vidademadrid.com\/es\/wp-json\/wp\/v2\/tags?post=49457"}],"curies":[{"name":"wp","href":"https:\/\/api.w.org\/{rel}","templated":true}]}}