{"id":49260,"date":"2023-03-29T11:59:26","date_gmt":"2023-03-29T09:59:26","guid":{"rendered":"https:\/\/www.vidademadrid.com\/es\/?p=49260"},"modified":"2023-03-29T11:59:28","modified_gmt":"2023-03-29T09:59:28","slug":"fiestas-paracuellos-jarama-mayo-2023-programa-conciertos","status":"publish","type":"post","link":"https:\/\/www.vidademadrid.com\/es\/49260\/fiestas-paracuellos-jarama-mayo-2023-programa-conciertos\/","title":{"rendered":"Loquillo y Los Secretos ser\u00e1n los protagonistas de las Fiestas Locales de Paracuellos de Jarama"},"content":{"rendered":"<p>Las&nbsp;<strong>Fiestas Locales de Paracuellos de Jarama&nbsp;<\/strong>este 2023 tendr\u00e1n como protagonistas de sus conciertos a Loquillo y los Secretos. Te contamos toda la informaci\u00f3n en este art\u00edculo.&nbsp;<\/p>\n<h2>Concierto Loquillo y Los Secretos<\/h2>\n<p><script async=\"\" src=\"https:\/\/pagead2.googlesyndication.com\/pagead\/js\/adsbygoogle.js\"><\/script> <ins class=\"adsbygoogle\" style=\"display:block\" data-ad-format=\"fluid\" data-ad-layout-key=\"-7f+eo+1+2-5\" data-ad-client=\"ca-pub-7450064428034605\" data-ad-slot=\"7327027071\"><\/ins><script>(adsbygoogle = window.adsbygoogle || []).push({});<\/script>Las&nbsp;<strong>Fiestas Locales 2023 de Paracuellos de Jarama&nbsp;<\/strong>tendr\u00e1n dos conciertos gratuitos que tendr\u00e1n como protagonistas a&nbsp;<strong>Loquillo y Los Secretos.&nbsp;<\/strong>La actuaci\u00f3n de&nbsp;<strong>Loquillo&nbsp;<\/strong>ser\u00e1 el primer d\u00eda de las fiestas,&nbsp;el <strong>26 de mayo.&nbsp;<\/strong>En su concierto, repasar\u00e1 los temas de su \u00faltimo disco y contar\u00e1 con sus compa\u00f1eros de banda habituales y se incorporar\u00e1 Jorge Rebenaque en el piano.&nbsp;<\/p>\n<p>El concierto de&nbsp;<strong>Los Secretos&nbsp;<\/strong>ser\u00e1 el&nbsp;<strong>27 de mayo&nbsp;<\/strong>que recorrer\u00e1n los temas cl\u00e1sicos de la banda, como &#8216;D\u00e9jame&#8217;, &#8216;Pero a tu lado&#8217; o &#8216;La calle del olvido&#8217;, as\u00ed como canciones m\u00e1s recientes.&nbsp;<\/p>\n<h2>Fiestas de Paracuellos de Jarama 2023<\/h2>\n<p><script async=\"\" src=\"https:\/\/pagead2.googlesyndication.com\/pagead\/js\/adsbygoogle.js\"><\/script> <ins class=\"adsbygoogle\" style=\"display:block; text-align:center;\" data-ad-layout=\"in-article\" data-ad-format=\"fluid\" data-ad-client=\"ca-pub-7450064428034605\" data-ad-slot=\"5670045061\"><\/ins> <script>(adsbygoogle = window.adsbygoogle || []).push({});<\/script>Las&nbsp;<strong>Fiestas Locales 2023 de Paracuellos de Jarama&nbsp;<\/strong>se celebrar\u00e1n del&nbsp;<strong>26 al 31 de mayo.&nbsp;<\/strong><\/p>\n","protected":false},"excerpt":{"rendered":"<p>Ambos conciertos ser\u00e1n gratuitos. <\/p>\n","protected":false},"author":15,"featured_media":49261,"comment_status":"open","ping_status":"open","sticky":false,"template":"","format":"standard","meta":{"footnotes":""},"categories":[101],"tags":[],"class_list":{"0":"post-49260","1":"post","2":"type-post","3":"status-publish","4":"format-standard","5":"has-post-thumbnail","7":"category-ferias-fiestas-mercados-madrid"},"_links":{"self":[{"href":"https:\/\/www.vidademadrid.com\/es\/wp-json\/wp\/v2\/posts\/49260","targetHints":{"allow":["GET"]}}],"collection":[{"href":"https:\/\/www.vidademadrid.com\/es\/wp-json\/wp\/v2\/posts"}],"about":[{"href":"https:\/\/www.vidademadrid.com\/es\/wp-json\/wp\/v2\/types\/post"}],"author":[{"embeddable":true,"href":"https:\/\/www.vidademadrid.com\/es\/wp-json\/wp\/v2\/users\/15"}],"replies":[{"embeddable":true,"href":"https:\/\/www.vidademadrid.com\/es\/wp-json\/wp\/v2\/comments?post=49260"}],"version-history":[{"count":2,"href":"https:\/\/www.vidademadrid.com\/es\/wp-json\/wp\/v2\/posts\/49260\/revisions"}],"predecessor-version":[{"id":49263,"href":"https:\/\/www.vidademadrid.com\/es\/wp-json\/wp\/v2\/posts\/49260\/revisions\/49263"}],"wp:featuredmedia":[{"embeddable":true,"href":"https:\/\/www.vidademadrid.com\/es\/wp-json\/wp\/v2\/media\/49261"}],"wp:attachment":[{"href":"https:\/\/www.vidademadrid.com\/es\/wp-json\/wp\/v2\/media?parent=49260"}],"wp:term":[{"taxonomy":"category","embeddable":true,"href":"https:\/\/www.vidademadrid.com\/es\/wp-json\/wp\/v2\/categories?post=49260"},{"taxonomy":"post_tag","embeddable":true,"href":"https:\/\/www.vidademadrid.com\/es\/wp-json\/wp\/v2\/tags?post=49260"}],"curies":[{"name":"wp","href":"https:\/\/api.w.org\/{rel}","templated":true}]}}