{"id":49220,"date":"2023-03-28T09:51:43","date_gmt":"2023-03-28T07:51:43","guid":{"rendered":"https:\/\/www.vidademadrid.com\/es\/?p=49220"},"modified":"2023-03-28T09:51:46","modified_gmt":"2023-03-28T07:51:46","slug":"feria-artesania-semana-santa-fechas-horario-recoletos-2023","status":"publish","type":"post","link":"https:\/\/www.vidademadrid.com\/es\/49220\/feria-artesania-semana-santa-fechas-horario-recoletos-2023\/","title":{"rendered":"Llega la Feria de Artesan\u00eda de Semana Santa a Recoletos"},"content":{"rendered":"<p>Por primera vez, llegar\u00e1 a la ciudad la&nbsp;<strong>Feria de Artesan\u00eda de Semana Santa&nbsp;<\/strong>que contar\u00e1 con <strong>52 artesanos&nbsp;<\/strong>de Madrid y otras comunidades aut\u00f3nomas. Te contamos toda la informaci\u00f3n en este art\u00edculo.&nbsp;<\/p>\n<h2>Feria de Artesan\u00eda de Semana Santa<\/h2>\n<p><script async=\"\" src=\"https:\/\/pagead2.googlesyndication.com\/pagead\/js\/adsbygoogle.js\"><\/script> <ins class=\"adsbygoogle\" style=\"display:block\" data-ad-format=\"fluid\" data-ad-layout-key=\"-7f+eo+1+2-5\" data-ad-client=\"ca-pub-7450064428034605\" data-ad-slot=\"7327027071\"><\/ins><script>(adsbygoogle = window.adsbygoogle || []).push({});<\/script>La&nbsp;<strong>Feria de Artesan\u00eda de Semana Santa,&nbsp;<\/strong>organizada por la&nbsp;<strong>Asociaci\u00f3n Madrile\u00f1a de Oficios Artesanos&nbsp;<\/strong>(AMOA) contar\u00e1 con marroquineros, tallistas de madera, jugueteros, ceramistas, costureros, joyeros, manipuladores de papel y cart\u00f3n, vidrieros, manipuladores de flores secas y m\u00e1s.&nbsp;<\/p>\n<p>Habr\u00e1 52 artesanos en distintas comunidades aut\u00f3nomas los que ofrecer\u00e1n su trabajo hecho a mano con dise\u00f1os originales y aut\u00e9nticos.&nbsp;<\/p>\n<h2>Feria de Artesan\u00eda de Semana Santa: fechas&nbsp;<\/h2>\n<p><script async=\"\" src=\"https:\/\/pagead2.googlesyndication.com\/pagead\/js\/adsbygoogle.js\"><\/script> <ins class=\"adsbygoogle\" style=\"display:block; text-align:center;\" data-ad-layout=\"in-article\" data-ad-format=\"fluid\" data-ad-client=\"ca-pub-7450064428034605\" data-ad-slot=\"5670045061\"><\/ins> <script>(adsbygoogle = window.adsbygoogle || []).push({});<\/script>A partir del&nbsp;<strong>31 de marzo,&nbsp;<\/strong>y hasta el&nbsp;<strong>10 de abril de 2023,&nbsp;<\/strong>se podr\u00e1 visitar la&nbsp;<strong>Feria de Artesan\u00eda de Semana Santa&nbsp;<\/strong>en&nbsp;<strong>Recoletos,&nbsp;<\/strong>entre la calle Prim y Cibeles. El horario de visita es de&nbsp;<strong>11 a 21 horas.&nbsp;<\/strong><\/p>\n","protected":false},"excerpt":{"rendered":"<p>Habr\u00e1 52 artesanos de Madrid y otras comunidades. <\/p>\n","protected":false},"author":15,"featured_media":49221,"comment_status":"open","ping_status":"open","sticky":false,"template":"","format":"standard","meta":{"footnotes":""},"categories":[101],"tags":[],"class_list":{"0":"post-49220","1":"post","2":"type-post","3":"status-publish","4":"format-standard","5":"has-post-thumbnail","7":"category-ferias-fiestas-mercados-madrid"},"_links":{"self":[{"href":"https:\/\/www.vidademadrid.com\/es\/wp-json\/wp\/v2\/posts\/49220","targetHints":{"allow":["GET"]}}],"collection":[{"href":"https:\/\/www.vidademadrid.com\/es\/wp-json\/wp\/v2\/posts"}],"about":[{"href":"https:\/\/www.vidademadrid.com\/es\/wp-json\/wp\/v2\/types\/post"}],"author":[{"embeddable":true,"href":"https:\/\/www.vidademadrid.com\/es\/wp-json\/wp\/v2\/users\/15"}],"replies":[{"embeddable":true,"href":"https:\/\/www.vidademadrid.com\/es\/wp-json\/wp\/v2\/comments?post=49220"}],"version-history":[{"count":1,"href":"https:\/\/www.vidademadrid.com\/es\/wp-json\/wp\/v2\/posts\/49220\/revisions"}],"predecessor-version":[{"id":49222,"href":"https:\/\/www.vidademadrid.com\/es\/wp-json\/wp\/v2\/posts\/49220\/revisions\/49222"}],"wp:featuredmedia":[{"embeddable":true,"href":"https:\/\/www.vidademadrid.com\/es\/wp-json\/wp\/v2\/media\/49221"}],"wp:attachment":[{"href":"https:\/\/www.vidademadrid.com\/es\/wp-json\/wp\/v2\/media?parent=49220"}],"wp:term":[{"taxonomy":"category","embeddable":true,"href":"https:\/\/www.vidademadrid.com\/es\/wp-json\/wp\/v2\/categories?post=49220"},{"taxonomy":"post_tag","embeddable":true,"href":"https:\/\/www.vidademadrid.com\/es\/wp-json\/wp\/v2\/tags?post=49220"}],"curies":[{"name":"wp","href":"https:\/\/api.w.org\/{rel}","templated":true}]}}