{"id":48549,"date":"2023-02-25T11:36:12","date_gmt":"2023-02-25T10:36:12","guid":{"rendered":"https:\/\/www.vidademadrid.com\/es\/?p=48549"},"modified":"2023-02-25T11:36:17","modified_gmt":"2023-02-25T10:36:17","slug":"fiesta-de-las-mayas-bien-interes-cultural-fechas","status":"publish","type":"post","link":"https:\/\/www.vidademadrid.com\/es\/48549\/fiesta-de-las-mayas-bien-interes-cultural-fechas\/","title":{"rendered":"La Fiesta de las Mayas, el nuevo Bien de Inter\u00e9s Cultural de Madrid"},"content":{"rendered":"\n<p><strong>La Fiesta de las Mayas<\/strong>, la celebraci\u00f3n protagonizada por ni\u00f1as y j\u00f3venes durante el mes de mayo ha sido declarada Bien de Inter\u00e9s Cultural. En este art\u00edculo te contamos todo sobre esta tradicional fiesta.<\/p>\n\n\n\n<h2 class=\"wp-block-heading\">La Fiesta de las Mayas, el nuevo Bien de Inter\u00e9s Cultural de Madrid<\/h2>\n\n\n\n<script async=\"\" src=\"https:\/\/pagead2.googlesyndication.com\/pagead\/js\/adsbygoogle.js\"><\/script> <ins class=\"adsbygoogle\" style=\"display:block\" data-ad-format=\"fluid\" data-ad-layout-key=\"-7f+eo+1+2-5\" data-ad-client=\"ca-pub-7450064428034605\" data-ad-slot=\"7327027071\"><\/ins><script>(adsbygoogle = window.adsbygoogle || []).push({});<\/script>\n\n\n\n<p><strong>La Fiesta de las Mayas<\/strong> es una celebraci\u00f3n que se desarrolla a principios del mes de mayo en Colmenar Viejo, El Molar, Legan\u00e9s y en el barrio de Lavapi\u00e9s de Madrid. Una fiesta que busca celebrar la llegada de la primavera a trav\u00e9s de un icono. Este s\u00edmbolo es la Maya, una ni\u00f1a o joven que preside la ceremonia desde un altar construido con vegetales y otros objetos decorativos, acompa\u00f1ada tambi\u00e9n por una corte de ni\u00f1as (aunque ya el pasado a\u00f1o participaron tambi\u00e9n ni\u00f1os en las fiestas celebradas en Colmenar Viejo).&nbsp;<\/p>\n\n\n\n<h2 class=\"wp-block-heading\">Fechas de la Fiesta de las Mayas<\/h2>\n\n\n\n<p>Cada zona tiene un d\u00eda de celebraci\u00f3n de esta fiesta:<\/p>\n\n\n\n<ul class=\"wp-block-list\"><li><strong>El Molar<\/strong> es la primera zona en celebrarlo: el 1 de mayo. Ese d\u00eda los altares se colocan en la escalinata del Ayuntamiento, que se adorna con flores y ramas silvestres.<\/li><li>En<strong> Colmenar Viejo<\/strong> y en <strong>Legan\u00e9s<\/strong> se suele celebrar alrededor del 2 de mayo y el d\u00eda antes tiene lugar la recolecci\u00f3n de flores que llevan las mayas a la bas\u00edlica.<\/li><li>En <strong>Lavapi\u00e9s<\/strong> se celebra el segundo domingo de mayo.<\/li><\/ul>\n\n\n\n<h2 class=\"wp-block-heading\">M\u00e1s sobre las Mayas<\/h2>\n\n\n\n<script async=\"\" src=\"https:\/\/pagead2.googlesyndication.com\/pagead\/js\/adsbygoogle.js\"><\/script> <ins class=\"adsbygoogle\" style=\"display:block; text-align:center;\" data-ad-layout=\"in-article\" data-ad-format=\"fluid\" data-ad-client=\"ca-pub-7450064428034605\" data-ad-slot=\"5670045061\"><\/ins> <script>(adsbygoogle = window.adsbygoogle || []).push({});<\/script>\n\n\n\n<p><strong>\u00bfQu\u00e9 son realmente las Mayas?<\/strong> La Maya es un s\u00edmbolo que encontramos por primera vez en las cantigas de Alfonso X El Sabio y hacen referencia a los cantos del mes de mayo. A partir del siglo XVI y hasta el XVII se consideraron fiestas y fueron de gran inter\u00e9s para poetas y dramaturgos. De hecho, son mencionadas en sus obras por autores como Lope de Vega, Tirso de Molina y Calder\u00f3n de la Barca. Una fiesta que fue prohibida en Madrid a finales del XVII, pero que volvi\u00f3 y es sin duda un hecho cultural de gran valor.<\/p>\n","protected":false},"excerpt":{"rendered":"<p>Que se celebra en cuatro zonas de la Comunidad de Madrid <\/p>\n","protected":false},"author":13,"featured_media":48550,"comment_status":"open","ping_status":"open","sticky":false,"template":"","format":"standard","meta":{"footnotes":""},"categories":[12,111,101],"tags":[],"class_list":{"0":"post-48549","1":"post","2":"type-post","3":"status-publish","4":"format-standard","5":"has-post-thumbnail","7":"category-actualidad-noticias-madrid","8":"category-exposiciones-madrid","9":"category-ferias-fiestas-mercados-madrid"},"_links":{"self":[{"href":"https:\/\/www.vidademadrid.com\/es\/wp-json\/wp\/v2\/posts\/48549","targetHints":{"allow":["GET"]}}],"collection":[{"href":"https:\/\/www.vidademadrid.com\/es\/wp-json\/wp\/v2\/posts"}],"about":[{"href":"https:\/\/www.vidademadrid.com\/es\/wp-json\/wp\/v2\/types\/post"}],"author":[{"embeddable":true,"href":"https:\/\/www.vidademadrid.com\/es\/wp-json\/wp\/v2\/users\/13"}],"replies":[{"embeddable":true,"href":"https:\/\/www.vidademadrid.com\/es\/wp-json\/wp\/v2\/comments?post=48549"}],"version-history":[{"count":3,"href":"https:\/\/www.vidademadrid.com\/es\/wp-json\/wp\/v2\/posts\/48549\/revisions"}],"predecessor-version":[{"id":48553,"href":"https:\/\/www.vidademadrid.com\/es\/wp-json\/wp\/v2\/posts\/48549\/revisions\/48553"}],"wp:featuredmedia":[{"embeddable":true,"href":"https:\/\/www.vidademadrid.com\/es\/wp-json\/wp\/v2\/media\/48550"}],"wp:attachment":[{"href":"https:\/\/www.vidademadrid.com\/es\/wp-json\/wp\/v2\/media?parent=48549"}],"wp:term":[{"taxonomy":"category","embeddable":true,"href":"https:\/\/www.vidademadrid.com\/es\/wp-json\/wp\/v2\/categories?post=48549"},{"taxonomy":"post_tag","embeddable":true,"href":"https:\/\/www.vidademadrid.com\/es\/wp-json\/wp\/v2\/tags?post=48549"}],"curies":[{"name":"wp","href":"https:\/\/api.w.org\/{rel}","templated":true}]}}