{"id":48447,"date":"2023-02-22T16:53:47","date_gmt":"2023-02-22T15:53:47","guid":{"rendered":"https:\/\/www.vidademadrid.com\/es\/?p=48447"},"modified":"2023-02-22T16:53:53","modified_gmt":"2023-02-22T15:53:53","slug":"nuevos-espacios-culturales-madrid-valdebebas-retiro","status":"publish","type":"post","link":"https:\/\/www.vidademadrid.com\/es\/48447\/nuevos-espacios-culturales-madrid-valdebebas-retiro\/","title":{"rendered":"Estos son los nuevos espacios culturales que se estrenar\u00e1n en Madrid"},"content":{"rendered":"\n<p>El Ayuntamiento de Madrid ha anunciado la apertura de dos <strong>nuevos espacios culturales<\/strong> en dos zonas de Madrid: el <strong>Retiro y Valdebebas<\/strong>. En este art\u00edculo te desvelamos c\u00f3mo ser\u00e1n estos espacios destinados a distintas actividades culturales.&nbsp;<\/p>\n\n\n\n<h2 class=\"wp-block-heading\">Nuevos espacios culturales en Madrid<\/h2>\n\n\n\n<script async src=\"https:\/\/pagead2.googlesyndication.com\/pagead\/js\/adsbygoogle.js\"><\/script> <ins class=\"adsbygoogle\"  style=\"display:block\" data-ad-format=\"fluid\" data-ad-layout-key=\"-7f+eo+1+2-5\" data-ad-client=\"ca-pub-7450064428034605\" data-ad-slot=\"7327027071\"><\/ins><script>(adsbygoogle = window.adsbygoogle || []).push({});<\/script>\n\n\n\n<p>Madrid tendr\u00e1 <strong>dos nuevos espacios culturales<\/strong>: un <strong>Centro Cultural en Valdebebas<\/strong> y un nuevo <strong>espacio en el Centro Cultural Dao\u00edz y Velarde en Retiro<\/strong>.<\/p>\n\n\n\n<p>Por un lado, El <strong>Centro Cultural Dao\u00edz y Velarde<\/strong> situado en el distrito de Retiro y construido a finales del siglo XIX,&nbsp;estrena &nbsp;un nuevo espacio cultural. Se trata de un lugar orientado a ni\u00f1os y j\u00f3venes de la ciudad para acercar a estos \u00faltimos a las distintas artes esc\u00e9nicas: <strong>\u00f3pera, danza, teatro, t\u00edteres, cuentos musicales, talleres y otras actividades<\/strong> para toda la familia. Esta sala adem\u00e1s, corresponde al antiguo cuartel de artiller\u00eda de Dao\u00edz y Velarde, que ha sido rehabilitado y renovado para hacer posible la actividad en esta zona del Centro Cultural. &nbsp;&nbsp;<\/p>\n\n\n\n<figure class=\"wp-block-gallery has-nested-images columns-3 is-cropped wp-block-gallery-1 is-layout-flex wp-block-gallery-is-layout-flex\">\n<figure class=\"wp-block-image size-large\"><img loading=\"lazy\" decoding=\"async\" width=\"567\" height=\"567\" data-id=\"48450\" src=\"https:\/\/www.vidademadrid.com\/es\/wp-content\/uploads\/2023\/02\/espacio-img-2.jpg\" alt=\"\" class=\"wp-image-48450\" srcset=\"https:\/\/www.vidademadrid.com\/es\/wp-content\/uploads\/2023\/02\/espacio-img-2.jpg 567w, https:\/\/www.vidademadrid.com\/es\/wp-content\/uploads\/2023\/02\/espacio-img-2-300x300.jpg 300w, https:\/\/www.vidademadrid.com\/es\/wp-content\/uploads\/2023\/02\/espacio-img-2-150x150.jpg 150w, https:\/\/www.vidademadrid.com\/es\/wp-content\/uploads\/2023\/02\/espacio-img-2-420x420.jpg 420w\" sizes=\"auto, (max-width: 567px) 100vw, 567px\" \/><\/figure>\n\n\n\n<figure class=\"wp-block-image size-large\"><img loading=\"lazy\" decoding=\"async\" width=\"567\" height=\"567\" data-id=\"48452\" src=\"https:\/\/www.vidademadrid.com\/es\/wp-content\/uploads\/2023\/02\/espacio-img-4.jpg\" alt=\"\" class=\"wp-image-48452\" srcset=\"https:\/\/www.vidademadrid.com\/es\/wp-content\/uploads\/2023\/02\/espacio-img-4.jpg 567w, https:\/\/www.vidademadrid.com\/es\/wp-content\/uploads\/2023\/02\/espacio-img-4-300x300.jpg 300w, https:\/\/www.vidademadrid.com\/es\/wp-content\/uploads\/2023\/02\/espacio-img-4-150x150.jpg 150w, https:\/\/www.vidademadrid.com\/es\/wp-content\/uploads\/2023\/02\/espacio-img-4-420x420.jpg 420w\" sizes=\"auto, (max-width: 567px) 100vw, 567px\" \/><\/figure>\n\n\n\n<figure class=\"wp-block-image size-large\"><img loading=\"lazy\" decoding=\"async\" width=\"567\" height=\"567\" data-id=\"48451\" src=\"https:\/\/www.vidademadrid.com\/es\/wp-content\/uploads\/2023\/02\/espacio-img-5.jpg\" alt=\"\" class=\"wp-image-48451\" srcset=\"https:\/\/www.vidademadrid.com\/es\/wp-content\/uploads\/2023\/02\/espacio-img-5.jpg 567w, https:\/\/www.vidademadrid.com\/es\/wp-content\/uploads\/2023\/02\/espacio-img-5-300x300.jpg 300w, https:\/\/www.vidademadrid.com\/es\/wp-content\/uploads\/2023\/02\/espacio-img-5-150x150.jpg 150w, https:\/\/www.vidademadrid.com\/es\/wp-content\/uploads\/2023\/02\/espacio-img-5-420x420.jpg 420w\" sizes=\"auto, (max-width: 567px) 100vw, 567px\" \/><\/figure>\n<\/figure>\n\n\n\n<p>Por otro lado, este mes de febrero el Ayuntamiento de Madrid ha aprobado un <strong>nuevo Centro Cultural en Valdebebas<\/strong> ubicada en la calle Jordi Sol\u00e9 Tura, 34. Tendr\u00e1 una superficie de m\u00e1s de 4.600 m<sup>2<\/sup>&nbsp;distribuidos en cuatro plantas y se prev\u00e9 que est\u00e9 listo en un periodo de 20 meses, es decir, a finales del a\u00f1o 2024. Se har\u00e1n espacios flexibles para poder desarrollar distintas actividades culturales una vez terminado.<\/p>\n\n\n<div class=\"wp-block-image\">\n<figure class=\"aligncenter\"><a href=\"https:\/\/www.vidademadrid.com\/es\/wp-content\/uploads\/2023\/02\/IMG-20230131-WA0003-450x300-1.jpg\"><img loading=\"lazy\" decoding=\"async\" width=\"450\" height=\"300\" src=\"https:\/\/www.vidademadrid.com\/es\/wp-content\/uploads\/2023\/02\/IMG-20230131-WA0003-450x300-1.jpg\" alt=\"\" class=\"wp-image-48453\" srcset=\"https:\/\/www.vidademadrid.com\/es\/wp-content\/uploads\/2023\/02\/IMG-20230131-WA0003-450x300-1.jpg 450w, https:\/\/www.vidademadrid.com\/es\/wp-content\/uploads\/2023\/02\/IMG-20230131-WA0003-450x300-1-300x200.jpg 300w\" sizes=\"auto, (max-width: 450px) 100vw, 450px\" \/><\/a><figcaption>Proyecto Centro Cultural Valdebebas. Foto: diario.madrid.es<\/figcaption><\/figure><\/div>\n\n\n<h2 class=\"wp-block-heading\">Actividades en el nuevo espacio del Centro Cultural Dao\u00edz y Velarde<\/h2>\n\n\n\n<script async src=\"https:\/\/pagead2.googlesyndication.com\/pagead\/js\/adsbygoogle.js\"><\/script> <ins class=\"adsbygoogle\" style=\"display:block; text-align:center;\" data-ad-layout=\"in-article\" data-ad-format=\"fluid\" data-ad-client=\"ca-pub-7450064428034605\" data-ad-slot=\"5670045061\"><\/ins> <script>(adsbygoogle = window.adsbygoogle || []).push({});<\/script>\n\n\n\n\n<p>En el nuevo espacio del <strong>Centro Cultural Dao\u00edz y Velarde<\/strong>&nbsp;el Teatro Real desarrollar\u00e1 su programaci\u00f3n de El Real Junior denominada ahora <strong>\u2018Real Teatro de Retiro\u2019<\/strong>.&nbsp;La programaci\u00f3n incluye obras y conciertos como:<\/p>\n\n\n\n<ul class=\"wp-block-list\"><li>La Cenicienta<\/li><li>Praga, 1941<\/li><li>Yo soy la locura<\/li><li>Parade, el circo de los valientes<\/li><li>Fest\u00edn musical en familia<\/li><\/ul>\n\n\n\n<p>Podr\u00e1s consultar los distintos espect\u00e1culos, horarios y compra de entradas en la <a href=\"https:\/\/www.teatroreal.es\/realteatroderetiro\/\">p\u00e1gina web de Real Teatro de Retiro<\/a>.<\/p>\n","protected":false},"excerpt":{"rendered":"<p>Uno en Retiro y otro en Valdebebas <\/p>\n","protected":false},"author":13,"featured_media":48449,"comment_status":"open","ping_status":"open","sticky":false,"template":"","format":"standard","meta":{"footnotes":""},"categories":[12],"tags":[],"class_list":{"0":"post-48447","1":"post","2":"type-post","3":"status-publish","4":"format-standard","5":"has-post-thumbnail","7":"category-actualidad-noticias-madrid"},"_links":{"self":[{"href":"https:\/\/www.vidademadrid.com\/es\/wp-json\/wp\/v2\/posts\/48447","targetHints":{"allow":["GET"]}}],"collection":[{"href":"https:\/\/www.vidademadrid.com\/es\/wp-json\/wp\/v2\/posts"}],"about":[{"href":"https:\/\/www.vidademadrid.com\/es\/wp-json\/wp\/v2\/types\/post"}],"author":[{"embeddable":true,"href":"https:\/\/www.vidademadrid.com\/es\/wp-json\/wp\/v2\/users\/13"}],"replies":[{"embeddable":true,"href":"https:\/\/www.vidademadrid.com\/es\/wp-json\/wp\/v2\/comments?post=48447"}],"version-history":[{"count":2,"href":"https:\/\/www.vidademadrid.com\/es\/wp-json\/wp\/v2\/posts\/48447\/revisions"}],"predecessor-version":[{"id":48454,"href":"https:\/\/www.vidademadrid.com\/es\/wp-json\/wp\/v2\/posts\/48447\/revisions\/48454"}],"wp:featuredmedia":[{"embeddable":true,"href":"https:\/\/www.vidademadrid.com\/es\/wp-json\/wp\/v2\/media\/48449"}],"wp:attachment":[{"href":"https:\/\/www.vidademadrid.com\/es\/wp-json\/wp\/v2\/media?parent=48447"}],"wp:term":[{"taxonomy":"category","embeddable":true,"href":"https:\/\/www.vidademadrid.com\/es\/wp-json\/wp\/v2\/categories?post=48447"},{"taxonomy":"post_tag","embeddable":true,"href":"https:\/\/www.vidademadrid.com\/es\/wp-json\/wp\/v2\/tags?post=48447"}],"curies":[{"name":"wp","href":"https:\/\/api.w.org\/{rel}","templated":true}]}}