{"id":48341,"date":"2023-11-01T23:33:00","date_gmt":"2023-11-01T22:33:00","guid":{"rendered":"https:\/\/www.vidademadrid.com\/es\/?p=48341"},"modified":"2023-11-01T23:46:57","modified_gmt":"2023-11-01T22:46:57","slug":"alegria-cirque-soleil-madrid-entradas-2024","status":"publish","type":"post","link":"https:\/\/www.vidademadrid.com\/es\/48341\/alegria-cirque-soleil-madrid-entradas-2024\/","title":{"rendered":"\u00abAlegr\u00eda\u00bb, el espect\u00e1culo del Cirque du Soleil volver\u00e1 a Madrid en 2024 \u00a0"},"content":{"rendered":"<p>El m\u00edtico espect\u00e1culo del <strong>Cirque du Soleil, \u00abAlegr\u00eda\u00bb,\u00a0<\/strong>vuelve a Madrid tras <strong>25 a\u00f1os.<\/strong> El anuncio se ha dado en la celebraci\u00f3n del 25\u00ba aniversario en Espa\u00f1a celebrado en el C\u00edrculo de Bellas Artes. Te contamos toda la informaci\u00f3n en este art\u00edculo.<\/p>\n<h2>Actualizaci\u00f3n del 1 de noviembre de 2023<\/h2>\n<h3>\u00abAlegr\u00eda\u00bb del Cirque du Soleil llegar\u00e1 a Madrid en 2024<\/h3>\n<p>Finalmente, Alegr\u00eda del Cirque du Soleil se retrasa de m\u00e1s un a\u00f1o. Las nuevas fechas oficiales, con entradas ya a la venta, <strong>son del 4 diciembre del 2024 al 6 de enero 2025<\/strong>.<\/p>\n<h2>Art\u00edculo del 17 de febrero de 2023<\/h2>\n<h3>\u00abAlegr\u00eda\u00bb del Cirque du Soleil<\/h3>\n<p><script async=\"\" src=\"https:\/\/pagead2.googlesyndication.com\/pagead\/js\/adsbygoogle.js\"><\/script> <ins class=\"adsbygoogle\" style=\"display: block;\" data-ad-format=\"fluid\" data-ad-layout-key=\"-7f+eo+1+2-5\" data-ad-client=\"ca-pub-7450064428034605\" data-ad-slot=\"7327027071\"><\/ins><script>(adsbygoogle = window.adsbygoogle || []).push({});<\/script>El\u00a0<strong>gran espect\u00e1culo\u00a0\u00abAlegr\u00eda\u00bb\u00a0<\/strong>del\u00a0<strong>Cirque du Soleil\u00a0<\/strong>vuelve a\u00a0<strong>Espa\u00f1a\u00a0<\/strong>para conmemorar los\u00a0<strong>25 a\u00f1os\u00a0<\/strong>de esta carpa en\u00a0<strong>Espa\u00f1a.\u00a0<\/strong>Este espect\u00e1culo que llego a Madrid en\u00a0<strong>febrero de 1998\u00a0<\/strong>vuelve con nuevos artistas para traer alegr\u00eda, como su t\u00edtulo lo dice, a todos los asistentes.<\/p>\n<p><strong>\u00abAlegr\u00eda\u00bb\u00a0<\/strong>es una experiencia para\u00a0<strong>vivir en familia\u00a0<\/strong>reinventado para una\u00a0<strong>nueva generaci\u00f3n.\u00a0<\/strong>Este espect\u00e1culo se ha presentado a m\u00e1s de 14 millones de espectadores en 40 pa\u00edses de su gira.<\/p>\n<h2>\u00abAlegr\u00eda\u00bb del Cirque du Soleil: entradas<\/h2>\n<p><script async=\"\" src=\"https:\/\/pagead2.googlesyndication.com\/pagead\/js\/adsbygoogle.js\"><\/script> <ins class=\"adsbygoogle\" style=\"display: block; text-align: center;\" data-ad-layout=\"in-article\" data-ad-format=\"fluid\" data-ad-client=\"ca-pub-7450064428034605\" data-ad-slot=\"5670045061\"><\/ins> <script>(adsbygoogle = window.adsbygoogle || []).push({});<\/script><strong>\u00abAlegr\u00eda\u00bb<\/strong> llegar\u00e1 a Madrid del <strong>16 de noviembre al 17 de diciembre de 2023. <\/strong>El espect\u00e1culo tiene una duraci\u00f3n de <strong>100 minutos\u00a0<\/strong>con un intermedio de 25 minutos.<\/p>\n<p>Las entradas se podr\u00e1n adquirir en este <a href=\"https:\/\/www.cirquedusoleil.com\/es\/espana\/madrid\/alegria\/club-cirque\">enlace<\/a>, hay entrada general, pack familiar y experiencias VIP.<\/p>\n","protected":false},"excerpt":{"rendered":"<p>Vuelve a Madrid tras su gira de 1998. <\/p>\n","protected":false},"author":15,"featured_media":48342,"comment_status":"open","ping_status":"open","sticky":false,"template":"","format":"standard","meta":{"footnotes":""},"categories":[111],"tags":[],"class_list":{"0":"post-48341","1":"post","2":"type-post","3":"status-publish","4":"format-standard","5":"has-post-thumbnail","7":"category-exposiciones-madrid"},"_links":{"self":[{"href":"https:\/\/www.vidademadrid.com\/es\/wp-json\/wp\/v2\/posts\/48341","targetHints":{"allow":["GET"]}}],"collection":[{"href":"https:\/\/www.vidademadrid.com\/es\/wp-json\/wp\/v2\/posts"}],"about":[{"href":"https:\/\/www.vidademadrid.com\/es\/wp-json\/wp\/v2\/types\/post"}],"author":[{"embeddable":true,"href":"https:\/\/www.vidademadrid.com\/es\/wp-json\/wp\/v2\/users\/15"}],"replies":[{"embeddable":true,"href":"https:\/\/www.vidademadrid.com\/es\/wp-json\/wp\/v2\/comments?post=48341"}],"version-history":[{"count":4,"href":"https:\/\/www.vidademadrid.com\/es\/wp-json\/wp\/v2\/posts\/48341\/revisions"}],"predecessor-version":[{"id":53341,"href":"https:\/\/www.vidademadrid.com\/es\/wp-json\/wp\/v2\/posts\/48341\/revisions\/53341"}],"wp:featuredmedia":[{"embeddable":true,"href":"https:\/\/www.vidademadrid.com\/es\/wp-json\/wp\/v2\/media\/48342"}],"wp:attachment":[{"href":"https:\/\/www.vidademadrid.com\/es\/wp-json\/wp\/v2\/media?parent=48341"}],"wp:term":[{"taxonomy":"category","embeddable":true,"href":"https:\/\/www.vidademadrid.com\/es\/wp-json\/wp\/v2\/categories?post=48341"},{"taxonomy":"post_tag","embeddable":true,"href":"https:\/\/www.vidademadrid.com\/es\/wp-json\/wp\/v2\/tags?post=48341"}],"curies":[{"name":"wp","href":"https:\/\/api.w.org\/{rel}","templated":true}]}}