{"id":48321,"date":"2023-02-17T06:22:53","date_gmt":"2023-02-17T05:22:53","guid":{"rendered":"https:\/\/www.vidademadrid.com\/es\/?p=48321"},"modified":"2023-02-19T17:53:00","modified_gmt":"2023-02-19T16:53:00","slug":"estrella-aranda-primera-conductora-metro-madrid-jardin-distrito-retiro","status":"publish","type":"post","link":"https:\/\/www.vidademadrid.com\/es\/48321\/estrella-aranda-primera-conductora-metro-madrid-jardin-distrito-retiro\/","title":{"rendered":"La primera maquinista de Metro Madrid tendr\u00e1 un jard\u00edn en su nombre"},"content":{"rendered":"\n<p>Madrid tendr\u00e1 una zona verde con el nombre de la primera conductora de Metro Madrid. Un espacio situado muy cerca del Retiro. En este art\u00edculo te contamos todo sobre esta nueva iniciativa y la primera maquinista de metro (de la que tal vez nunca hayas o\u00eddo hablar).&nbsp;<\/p>\n\n\n\n<h2 class=\"wp-block-heading\">Madrid inaugura un jard\u00edn con el nombre de la primera maquinista de metro&nbsp;<\/h2>\n\n\n\n<script async src=\"https:\/\/pagead2.googlesyndication.com\/pagead\/js\/adsbygoogle.js\"><\/script> <ins class=\"adsbygoogle\"  style=\"display:block\" data-ad-format=\"fluid\" data-ad-layout-key=\"-7f+eo+1+2-5\" data-ad-client=\"ca-pub-7450064428034605\" data-ad-slot=\"7327027071\"><\/ins><script>(adsbygoogle = window.adsbygoogle || []).push({});<\/script>\n\n\n\n\n<p>El jard\u00edn de la avenida Cavanilles 56 ubicado en el distrito de Retiro cambiar\u00e1 de nombre y a partir de ahora se conocer\u00e1 como <strong>jard\u00edn de Estrella Aranda<\/strong>. Un nombre que probablemente a muchos no les suene, pero que se trata de la primera mujer conductora de Metro Madrid.<\/p>\n\n\n\n<p>La zona verde <strong>cuenta con 5.943 m\u00b2&nbsp;<\/strong>que se extiende en el antiguo solar de Metro junto a la Nave de Motores del Retiro. A\u00fan desconocemos el d\u00eda exavto de inauguraci\u00f3n con este nombre, pero lo que s\u00ed sabemos es que la propia Estrella Aranda estar\u00e1 presente.<\/p>\n\n\n\n<h2 class=\"wp-block-heading\">M\u00e1s sobre Estrella Aranda<\/h2>\n\n\n\n<script async src=\"https:\/\/pagead2.googlesyndication.com\/pagead\/js\/adsbygoogle.js\"><\/script> <ins class=\"adsbygoogle\" style=\"display:block; text-align:center;\" data-ad-layout=\"in-article\" data-ad-format=\"fluid\" data-ad-client=\"ca-pub-7450064428034605\" data-ad-slot=\"5670045061\"><\/ins> <script>(adsbygoogle = window.adsbygoogle || []).push({});<\/script>\n\n\n\n\n<p>Estrella Aranda es considerada la primera maquinista mujer de Metro Madrid. Se present\u00f3 en promoci\u00f3n externa a una de las plazas de conductor jefe de tren en el a\u00f1o 1983, pero desafortunadamente su candidatura y la del resto de mujeres que se presentaron fue rechazada por no cumplir los requisitos que se solicitaban, entre ellos: medir m\u00e1s de 1,60; no tener problemas de visi\u00f3n, y tener el servicio militar cumplido.<\/p>\n\n\n\n<p>Ser mujer y maquinista era un reto imposible debido al \u00faltimo requisito \u201ctener el servicio militar cumplido\u201d, por ello Aranda recurri\u00f3 apelando al art\u00edculo 14 de nuestra Constituci\u00f3n que establece que los espa\u00f1oles son iguales ante la ley\u2026 Le dieron la raz\u00f3n y de esta forma y despu\u00e9s de superar otros obst\u00e1culos, Aranda consigui\u00f3 el puesto de maquinista y con ello ser la primera mujer conductora de Metro.<\/p>\n","protected":false},"excerpt":{"rendered":"<p>Ubicado muy cerca de El Retiro <\/p>\n","protected":false},"author":13,"featured_media":47163,"comment_status":"open","ping_status":"open","sticky":false,"template":"","format":"standard","meta":{"footnotes":""},"categories":[12,187],"tags":[],"class_list":{"0":"post-48321","1":"post","2":"type-post","3":"status-publish","4":"format-standard","5":"has-post-thumbnail","7":"category-actualidad-noticias-madrid","8":"category-madrid-hoy"},"_links":{"self":[{"href":"https:\/\/www.vidademadrid.com\/es\/wp-json\/wp\/v2\/posts\/48321","targetHints":{"allow":["GET"]}}],"collection":[{"href":"https:\/\/www.vidademadrid.com\/es\/wp-json\/wp\/v2\/posts"}],"about":[{"href":"https:\/\/www.vidademadrid.com\/es\/wp-json\/wp\/v2\/types\/post"}],"author":[{"embeddable":true,"href":"https:\/\/www.vidademadrid.com\/es\/wp-json\/wp\/v2\/users\/13"}],"replies":[{"embeddable":true,"href":"https:\/\/www.vidademadrid.com\/es\/wp-json\/wp\/v2\/comments?post=48321"}],"version-history":[{"count":2,"href":"https:\/\/www.vidademadrid.com\/es\/wp-json\/wp\/v2\/posts\/48321\/revisions"}],"predecessor-version":[{"id":48331,"href":"https:\/\/www.vidademadrid.com\/es\/wp-json\/wp\/v2\/posts\/48321\/revisions\/48331"}],"wp:featuredmedia":[{"embeddable":true,"href":"https:\/\/www.vidademadrid.com\/es\/wp-json\/wp\/v2\/media\/47163"}],"wp:attachment":[{"href":"https:\/\/www.vidademadrid.com\/es\/wp-json\/wp\/v2\/media?parent=48321"}],"wp:term":[{"taxonomy":"category","embeddable":true,"href":"https:\/\/www.vidademadrid.com\/es\/wp-json\/wp\/v2\/categories?post=48321"},{"taxonomy":"post_tag","embeddable":true,"href":"https:\/\/www.vidademadrid.com\/es\/wp-json\/wp\/v2\/tags?post=48321"}],"curies":[{"name":"wp","href":"https:\/\/api.w.org\/{rel}","templated":true}]}}