{"id":48262,"date":"2023-02-15T11:42:10","date_gmt":"2023-02-15T10:42:10","guid":{"rendered":"https:\/\/www.vidademadrid.com\/es\/?p=48262"},"modified":"2023-02-15T11:50:14","modified_gmt":"2023-02-15T10:50:14","slug":"restauracion-puerta-de-alcala-fecha-fin-obras","status":"publish","type":"post","link":"https:\/\/www.vidademadrid.com\/es\/48262\/restauracion-puerta-de-alcala-fecha-fin-obras\/","title":{"rendered":"Ya ha comenzado la restauraci\u00f3n de la Puerta de Alcal\u00e1"},"content":{"rendered":"\n<p>Tras varios meses de estudio y con la <strong>Puerta de Alcal\u00e1<\/strong> cubierta con una lona, este mes de febrero <strong>ya han comenzado las obras de restauraci\u00f3n<\/strong>. En este art\u00edculo te contamos todo sobre el proceso y la posible fecha en la que estar\u00e1 lista para volver a lucirse.<\/p>\n\n\n\n<h2 class=\"wp-block-heading\">Restauraci\u00f3n de la Puerta de Alcal\u00e1<\/h2>\n\n\n\n<script async src=\"https:\/\/pagead2.googlesyndication.com\/pagead\/js\/adsbygoogle.js\"><\/script> <ins class=\"adsbygoogle\"  style=\"display:block\" data-ad-format=\"fluid\" data-ad-layout-key=\"-7f+eo+1+2-5\" data-ad-client=\"ca-pub-7450064428034605\" data-ad-slot=\"7327027071\"><\/ins><script>(adsbygoogle = window.adsbygoogle || []).push({});<\/script>\n\n\n\n\n<p>Desde finales de julio de 2022 la ic\u00f3nica <a href=\"https:\/\/www.vidademadrid.com\/es\/43745\/lona-puerta-alacala-fechas-restauracion-2022\/\">Puerta de Alcal\u00e1 ha estado cubierta con una lona gigante<\/a>, el pasado diciembre de 2022 ya informamos de la <a href=\"https:\/\/www.vidademadrid.com\/es\/46899\/la-puerta-de-alcala-requiere-restauracion-estudios-2022\/\">necesidad de que fuera restaurada de forma inmediata<\/a> y durante el martes 14 de febrero comenzaron, por fin, los trabajos de restauraci\u00f3n.<\/p>\n\n\n\n<p>Esta intervenci\u00f3n permitir\u00e1 asegurar todos las esculturas y materiales deteriorados que se pudieron comprobar durante el \u00faltimo estudio que le hicieron. Entre las actividades de intervenci\u00f3n se encuentran:<\/p>\n\n\n\n<ul class=\"wp-block-list\"><li>la consolidaci\u00f3n estructural de los grupos escult\u00f3ricos<\/li><li>la sustituci\u00f3n del plomo de la cubierta<\/li><li>el tratamiento de la piedra en todas las fachadas del monumento.<\/li><\/ul>\n\n\n\n<p>En todo caso, el objetivo es detener el deterioro y asegurar que los elementos escult\u00f3ricos de la fachada queden cosidos adecuadamente. Al mismo tiempo tambi\u00e9n se eliminar\u00e1n los elementos degradantes y se proteger\u00e1 la piedra de las futuras agresiones ambientales.<\/p>\n\n\n\n<p>Estas obras de intervenci\u00f3n afectar\u00e1n no solo a&nbsp;la zona que ocupa la estructura de la Puerta de Alcal\u00e1, sino tambi\u00e9n a la rotonda de la Plaza de la Independencia que ser\u00e1 ocupada de forma parcial.<\/p>\n\n\n\n<h2 class=\"wp-block-heading\">&nbsp;\u00bfCu\u00e1ndo volveremos a ver la Puerta de Alcal\u00e1 en su estado original?<\/h2>\n\n\n\n<script async src=\"https:\/\/pagead2.googlesyndication.com\/pagead\/js\/adsbygoogle.js\"><\/script> <ins class=\"adsbygoogle\" style=\"display:block; text-align:center;\" data-ad-layout=\"in-article\" data-ad-format=\"fluid\" data-ad-client=\"ca-pub-7450064428034605\" data-ad-slot=\"5670045061\"><\/ins> <script>(adsbygoogle = window.adsbygoogle || []).push({});<\/script>\n\n\n\n\n<p>Ahora bien, la pregunta del mill\u00f3n es: <strong>\u00bfcu\u00e1ndo volveremos a ver la Puerta de Alcal\u00e1 en su estado original? <\/strong><\/p>\n\n\n\n<p>Tal y como ha informado el Ayuntamiento de Madrid, <strong>los trabajos se prolongar\u00e1n entre 10 y 12 meses<\/strong> en funci\u00f3n de las dificultades que pueda presentar durante su restauraci\u00f3n. Por tanto, lo m\u00e1s probable es que volvamos a disfrutar de la belleza de este ic\u00f3nico monumento<strong> a principios del a\u00f1o 2024. <\/strong><\/p>\n","protected":false},"excerpt":{"rendered":"<p>Que prev\u00e9 terminar el pr\u00f3ximo a\u00f1o 2024<\/p>\n","protected":false},"author":13,"featured_media":48264,"comment_status":"open","ping_status":"open","sticky":false,"template":"","format":"standard","meta":{"footnotes":""},"categories":[12,119],"tags":[],"class_list":{"0":"post-48262","1":"post","2":"type-post","3":"status-publish","4":"format-standard","5":"has-post-thumbnail","7":"category-actualidad-noticias-madrid","8":"category-portada"},"_links":{"self":[{"href":"https:\/\/www.vidademadrid.com\/es\/wp-json\/wp\/v2\/posts\/48262","targetHints":{"allow":["GET"]}}],"collection":[{"href":"https:\/\/www.vidademadrid.com\/es\/wp-json\/wp\/v2\/posts"}],"about":[{"href":"https:\/\/www.vidademadrid.com\/es\/wp-json\/wp\/v2\/types\/post"}],"author":[{"embeddable":true,"href":"https:\/\/www.vidademadrid.com\/es\/wp-json\/wp\/v2\/users\/13"}],"replies":[{"embeddable":true,"href":"https:\/\/www.vidademadrid.com\/es\/wp-json\/wp\/v2\/comments?post=48262"}],"version-history":[{"count":2,"href":"https:\/\/www.vidademadrid.com\/es\/wp-json\/wp\/v2\/posts\/48262\/revisions"}],"predecessor-version":[{"id":48265,"href":"https:\/\/www.vidademadrid.com\/es\/wp-json\/wp\/v2\/posts\/48262\/revisions\/48265"}],"wp:featuredmedia":[{"embeddable":true,"href":"https:\/\/www.vidademadrid.com\/es\/wp-json\/wp\/v2\/media\/48264"}],"wp:attachment":[{"href":"https:\/\/www.vidademadrid.com\/es\/wp-json\/wp\/v2\/media?parent=48262"}],"wp:term":[{"taxonomy":"category","embeddable":true,"href":"https:\/\/www.vidademadrid.com\/es\/wp-json\/wp\/v2\/categories?post=48262"},{"taxonomy":"post_tag","embeddable":true,"href":"https:\/\/www.vidademadrid.com\/es\/wp-json\/wp\/v2\/tags?post=48262"}],"curies":[{"name":"wp","href":"https:\/\/api.w.org\/{rel}","templated":true}]}}