{"id":48213,"date":"2023-02-13T11:26:26","date_gmt":"2023-02-13T10:26:26","guid":{"rendered":"https:\/\/www.vidademadrid.com\/es\/?p=48213"},"modified":"2023-02-14T14:46:15","modified_gmt":"2023-02-14T13:46:15","slug":"exposicion-madera-natural-connections-matadero-madrid","status":"publish","type":"post","link":"https:\/\/www.vidademadrid.com\/es\/48213\/exposicion-madera-natural-connections-matadero-madrid\/","title":{"rendered":"Conecta con la naturaleza con esta exposici\u00f3n de madera en Matadero\u00a0"},"content":{"rendered":"<p class=\"p1\">Una nueva exposici\u00f3n llega a <strong>Ma<\/strong><b>tadero <\/b>para reconocer la madera como <b>parte esencial del dise\u00f1o <\/b>as\u00ed como su conexi\u00f3n con el ser humano. Te contamos toda la informaci\u00f3n en este art\u00edculo.<span class=\"Apple-converted-space\">&nbsp;<\/span><\/p>\n<h2 class=\"p1\">\u00abNatural Connections\u00bb, la nueva expo de Matadero<\/h2>\n<p><script async=\"\" src=\"https:\/\/pagead2.googlesyndication.com\/pagead\/js\/adsbygoogle.js\"><\/script> <ins class=\"adsbygoogle\" style=\"display:block\" data-ad-format=\"fluid\" data-ad-layout-key=\"-7f+eo+1+2-5\" data-ad-client=\"ca-pub-7450064428034605\" data-ad-slot=\"7327027071\"><\/ins><script>(adsbygoogle = window.adsbygoogle || []).push({});<\/script><\/p>\n<p class=\"p1\">Con dise\u00f1os de <b>Inma Berm\u00fadez, Moritz Krefter, Jorge Penad\u00e9s y \u00c1lvaro Catal\u00e1n de Oc\u00f3n, <\/b>la nueva exposici\u00f3n de Matadero Madrid re\u00fane piezas de mobiliario para el espacio p\u00fablico.<\/p>\n<p class=\"p1\">Las piezas expuestas son de tres <b>maderas duras estadounidenses: <\/b>cerezo, roble rojo y arce. El objetivo de \u00abNatural Connections\u00bb es <b>conectar la materia y las personas de forma consciente y natural.<span class=\"Apple-converted-space\">&nbsp;<\/span><\/b><\/p>\n<p class=\"p1\">En la exposici\u00f3n se podr\u00e1n conocer tres obras: <b>La manada perdida <\/b>de Inma Berm\u00fadez y Mortiz Krefter, <b>Wrap <\/b>de Jorge Penad\u00e9s y <b>Nube <\/b>de \u00c1lvaro Catal\u00e1n de Oc\u00f3n.<span class=\"Apple-converted-space\">&nbsp;<\/span><\/p>\n<h2 class=\"p1\">Visita la exposici\u00f3n<span class=\"Apple-converted-space\">&nbsp;<\/span><\/h2>\n<p><script async=\"\" src=\"https:\/\/pagead2.googlesyndication.com\/pagead\/js\/adsbygoogle.js\"><\/script> <ins class=\"adsbygoogle\" style=\"display:block; text-align:center;\" data-ad-layout=\"in-article\" data-ad-format=\"fluid\" data-ad-client=\"ca-pub-7450064428034605\" data-ad-slot=\"5670045061\"><\/ins> <script>(adsbygoogle = window.adsbygoogle || []).push({});<\/script><\/p>\n<p class=\"p1\">La exposici\u00f3n \u00abNatural Connections\u00bb se podr\u00e1 visitar hasta el 31 de julio del 2022 en el Centro de Creaci\u00f3n Contempor\u00e1nea de Matadero Madrid (Metro Legazpi).<span class=\"Apple-converted-space\">&nbsp;<\/span><\/p>\n<p class=\"p1\">El horario es de <b>9 a 22 horas <\/b>todos los d\u00edas.<span class=\"Apple-converted-space\">&nbsp;<\/span><\/p>\n","protected":false},"excerpt":{"rendered":"<p>Las piezas son de tres maderas estadounidenses.<\/p>\n","protected":false},"author":15,"featured_media":48214,"comment_status":"open","ping_status":"open","sticky":false,"template":"","format":"standard","meta":{"footnotes":""},"categories":[111,115],"tags":[],"class_list":{"0":"post-48213","1":"post","2":"type-post","3":"status-publish","4":"format-standard","5":"has-post-thumbnail","7":"category-exposiciones-madrid","8":"category-planes-del-momento-madrid"},"_links":{"self":[{"href":"https:\/\/www.vidademadrid.com\/es\/wp-json\/wp\/v2\/posts\/48213","targetHints":{"allow":["GET"]}}],"collection":[{"href":"https:\/\/www.vidademadrid.com\/es\/wp-json\/wp\/v2\/posts"}],"about":[{"href":"https:\/\/www.vidademadrid.com\/es\/wp-json\/wp\/v2\/types\/post"}],"author":[{"embeddable":true,"href":"https:\/\/www.vidademadrid.com\/es\/wp-json\/wp\/v2\/users\/15"}],"replies":[{"embeddable":true,"href":"https:\/\/www.vidademadrid.com\/es\/wp-json\/wp\/v2\/comments?post=48213"}],"version-history":[{"count":2,"href":"https:\/\/www.vidademadrid.com\/es\/wp-json\/wp\/v2\/posts\/48213\/revisions"}],"predecessor-version":[{"id":48216,"href":"https:\/\/www.vidademadrid.com\/es\/wp-json\/wp\/v2\/posts\/48213\/revisions\/48216"}],"wp:featuredmedia":[{"embeddable":true,"href":"https:\/\/www.vidademadrid.com\/es\/wp-json\/wp\/v2\/media\/48214"}],"wp:attachment":[{"href":"https:\/\/www.vidademadrid.com\/es\/wp-json\/wp\/v2\/media?parent=48213"}],"wp:term":[{"taxonomy":"category","embeddable":true,"href":"https:\/\/www.vidademadrid.com\/es\/wp-json\/wp\/v2\/categories?post=48213"},{"taxonomy":"post_tag","embeddable":true,"href":"https:\/\/www.vidademadrid.com\/es\/wp-json\/wp\/v2\/tags?post=48213"}],"curies":[{"name":"wp","href":"https:\/\/api.w.org\/{rel}","templated":true}]}}