{"id":48,"date":"2015-10-02T08:47:00","date_gmt":"2015-10-02T08:47:00","guid":{"rendered":"http:\/\/www.vidademadrid.com\/es\/?p=48"},"modified":"2015-10-10T11:57:31","modified_gmt":"2015-10-10T09:57:31","slug":"cibeles-fotos-nocturnas-plaza-fuente-madrid","status":"publish","type":"post","link":"https:\/\/www.vidademadrid.com\/es\/48\/cibeles-fotos-nocturnas-plaza-fuente-madrid\/","title":{"rendered":"Cibeles: fotos nocturnas de la plaza y la fuente desde muy muy cerca (\u00a1sin coches!)"},"content":{"rendered":"<p>La plaza y la fuente de Cibeles son verdaderos s\u00edmbolos de Madrid, y siguen fascin\u00e1ndome, como a\u00a0los madrile\u00f1os (y al resto del mundo!). El d\u00eda de la \u00faltima etapa de la Vuelta a Espa\u00f1a 2015 &#8211; con el tr\u00e1fico cortado &#8211; fue la ocasi\u00f3n perfecta para fotografiar La Cibeles desde muy cerca y aprovechar los detalles de la fuente, construida en el 1777-1782 por Ventura Rodr\u00edguez. Aqu\u00ed mis fotos.<\/p>\n<div id='gallery-1' class='gallery galleryid-48 gallery-columns-1 gallery-size-full'><figure class='gallery-item'>\n\t\t\t<div class='gallery-icon landscape'>\n\t\t\t\t<img loading=\"lazy\" decoding=\"async\" width=\"715\" height=\"529\" src=\"https:\/\/www.vidademadrid.com\/es\/wp-content\/uploads\/2015\/10\/foto-001.jpg\" class=\"attachment-full size-full\" alt=\"\" srcset=\"https:\/\/www.vidademadrid.com\/es\/wp-content\/uploads\/2015\/10\/foto-001.jpg 715w, https:\/\/www.vidademadrid.com\/es\/wp-content\/uploads\/2015\/10\/foto-001-300x222.jpg 300w\" sizes=\"auto, (max-width: 715px) 100vw, 715px\" \/>\n\t\t\t<\/div><\/figure><figure class='gallery-item'>\n\t\t\t<div class='gallery-icon portrait'>\n\t\t\t\t<img loading=\"lazy\" decoding=\"async\" width=\"529\" height=\"715\" src=\"https:\/\/www.vidademadrid.com\/es\/wp-content\/uploads\/2015\/10\/foto-002.jpg\" class=\"attachment-full size-full\" alt=\"\" srcset=\"https:\/\/www.vidademadrid.com\/es\/wp-content\/uploads\/2015\/10\/foto-002.jpg 529w, https:\/\/www.vidademadrid.com\/es\/wp-content\/uploads\/2015\/10\/foto-002-222x300.jpg 222w\" sizes=\"auto, (max-width: 529px) 100vw, 529px\" \/>\n\t\t\t<\/div><\/figure><figure class='gallery-item'>\n\t\t\t<div class='gallery-icon landscape'>\n\t\t\t\t<img loading=\"lazy\" decoding=\"async\" width=\"715\" height=\"529\" src=\"https:\/\/www.vidademadrid.com\/es\/wp-content\/uploads\/2015\/10\/foto-003.jpg\" class=\"attachment-full size-full\" alt=\"\" srcset=\"https:\/\/www.vidademadrid.com\/es\/wp-content\/uploads\/2015\/10\/foto-003.jpg 715w, https:\/\/www.vidademadrid.com\/es\/wp-content\/uploads\/2015\/10\/foto-003-300x222.jpg 300w\" sizes=\"auto, (max-width: 715px) 100vw, 715px\" \/>\n\t\t\t<\/div><\/figure><figure class='gallery-item'>\n\t\t\t<div class='gallery-icon landscape'>\n\t\t\t\t<img loading=\"lazy\" decoding=\"async\" width=\"715\" height=\"529\" src=\"https:\/\/www.vidademadrid.com\/es\/wp-content\/uploads\/2015\/10\/foto-007.jpg\" class=\"attachment-full size-full\" alt=\"\" srcset=\"https:\/\/www.vidademadrid.com\/es\/wp-content\/uploads\/2015\/10\/foto-007.jpg 715w, https:\/\/www.vidademadrid.com\/es\/wp-content\/uploads\/2015\/10\/foto-007-300x222.jpg 300w\" sizes=\"auto, (max-width: 715px) 100vw, 715px\" \/>\n\t\t\t<\/div><\/figure><figure class='gallery-item'>\n\t\t\t<div class='gallery-icon landscape'>\n\t\t\t\t<img loading=\"lazy\" decoding=\"async\" width=\"715\" height=\"529\" src=\"https:\/\/www.vidademadrid.com\/es\/wp-content\/uploads\/2015\/10\/foto-008.jpg\" class=\"attachment-full size-full\" alt=\"\" srcset=\"https:\/\/www.vidademadrid.com\/es\/wp-content\/uploads\/2015\/10\/foto-008.jpg 715w, https:\/\/www.vidademadrid.com\/es\/wp-content\/uploads\/2015\/10\/foto-008-300x222.jpg 300w\" sizes=\"auto, (max-width: 715px) 100vw, 715px\" \/>\n\t\t\t<\/div><\/figure><figure class='gallery-item'>\n\t\t\t<div class='gallery-icon portrait'>\n\t\t\t\t<img loading=\"lazy\" decoding=\"async\" width=\"529\" height=\"715\" src=\"https:\/\/www.vidademadrid.com\/es\/wp-content\/uploads\/2015\/10\/foto-010.jpg\" class=\"attachment-full size-full\" alt=\"\" srcset=\"https:\/\/www.vidademadrid.com\/es\/wp-content\/uploads\/2015\/10\/foto-010.jpg 529w, https:\/\/www.vidademadrid.com\/es\/wp-content\/uploads\/2015\/10\/foto-010-222x300.jpg 222w\" sizes=\"auto, (max-width: 529px) 100vw, 529px\" \/>\n\t\t\t<\/div><\/figure><figure class='gallery-item'>\n\t\t\t<div class='gallery-icon portrait'>\n\t\t\t\t<img loading=\"lazy\" decoding=\"async\" width=\"529\" height=\"715\" src=\"https:\/\/www.vidademadrid.com\/es\/wp-content\/uploads\/2015\/10\/foto-011.jpg\" class=\"attachment-full size-full\" alt=\"\" srcset=\"https:\/\/www.vidademadrid.com\/es\/wp-content\/uploads\/2015\/10\/foto-011.jpg 529w, https:\/\/www.vidademadrid.com\/es\/wp-content\/uploads\/2015\/10\/foto-011-222x300.jpg 222w\" sizes=\"auto, (max-width: 529px) 100vw, 529px\" \/>\n\t\t\t<\/div><\/figure><figure class='gallery-item'>\n\t\t\t<div class='gallery-icon portrait'>\n\t\t\t\t<img loading=\"lazy\" decoding=\"async\" width=\"529\" height=\"715\" src=\"https:\/\/www.vidademadrid.com\/es\/wp-content\/uploads\/2015\/10\/foto-019.jpg\" class=\"attachment-full size-full\" alt=\"\" srcset=\"https:\/\/www.vidademadrid.com\/es\/wp-content\/uploads\/2015\/10\/foto-019.jpg 529w, https:\/\/www.vidademadrid.com\/es\/wp-content\/uploads\/2015\/10\/foto-019-222x300.jpg 222w\" sizes=\"auto, (max-width: 529px) 100vw, 529px\" \/>\n\t\t\t<\/div><\/figure><figure class='gallery-item'>\n\t\t\t<div class='gallery-icon landscape'>\n\t\t\t\t<img loading=\"lazy\" decoding=\"async\" width=\"715\" height=\"529\" src=\"https:\/\/www.vidademadrid.com\/es\/wp-content\/uploads\/2015\/10\/foto-021.jpg\" class=\"attachment-full size-full\" alt=\"\" srcset=\"https:\/\/www.vidademadrid.com\/es\/wp-content\/uploads\/2015\/10\/foto-021.jpg 715w, https:\/\/www.vidademadrid.com\/es\/wp-content\/uploads\/2015\/10\/foto-021-300x222.jpg 300w\" sizes=\"auto, (max-width: 715px) 100vw, 715px\" \/>\n\t\t\t<\/div><\/figure>\n\t\t<\/div>\n\n","protected":false},"excerpt":{"rendered":"<p>Con el tr\u00e1fico cortado (despu\u00e9s de la \u00faltima etapa de la Vuelta a Espa\u00f1a 2015), fotos a pie de calle de uno de los s\u00edmbolos de Madrid.<\/p>\n","protected":false},"author":1,"featured_media":49,"comment_status":"open","ping_status":"open","sticky":false,"template":"","format":"standard","meta":{"footnotes":""},"categories":[5,3],"tags":[8],"class_list":{"0":"post-48","1":"post","2":"type-post","3":"status-publish","4":"format-standard","5":"has-post-thumbnail","7":"category-vida-madrilena","8":"category-visita-madrid","9":"tag-centro-de-madrid"},"_links":{"self":[{"href":"https:\/\/www.vidademadrid.com\/es\/wp-json\/wp\/v2\/posts\/48","targetHints":{"allow":["GET"]}}],"collection":[{"href":"https:\/\/www.vidademadrid.com\/es\/wp-json\/wp\/v2\/posts"}],"about":[{"href":"https:\/\/www.vidademadrid.com\/es\/wp-json\/wp\/v2\/types\/post"}],"author":[{"embeddable":true,"href":"https:\/\/www.vidademadrid.com\/es\/wp-json\/wp\/v2\/users\/1"}],"replies":[{"embeddable":true,"href":"https:\/\/www.vidademadrid.com\/es\/wp-json\/wp\/v2\/comments?post=48"}],"version-history":[{"count":8,"href":"https:\/\/www.vidademadrid.com\/es\/wp-json\/wp\/v2\/posts\/48\/revisions"}],"predecessor-version":[{"id":246,"href":"https:\/\/www.vidademadrid.com\/es\/wp-json\/wp\/v2\/posts\/48\/revisions\/246"}],"wp:featuredmedia":[{"embeddable":true,"href":"https:\/\/www.vidademadrid.com\/es\/wp-json\/wp\/v2\/media\/49"}],"wp:attachment":[{"href":"https:\/\/www.vidademadrid.com\/es\/wp-json\/wp\/v2\/media?parent=48"}],"wp:term":[{"taxonomy":"category","embeddable":true,"href":"https:\/\/www.vidademadrid.com\/es\/wp-json\/wp\/v2\/categories?post=48"},{"taxonomy":"post_tag","embeddable":true,"href":"https:\/\/www.vidademadrid.com\/es\/wp-json\/wp\/v2\/tags?post=48"}],"curies":[{"name":"wp","href":"https:\/\/api.w.org\/{rel}","templated":true}]}}