{"id":47929,"date":"2023-02-01T11:47:47","date_gmt":"2023-02-01T10:47:47","guid":{"rendered":"https:\/\/www.vidademadrid.com\/es\/?p=47929"},"modified":"2023-02-01T11:48:00","modified_gmt":"2023-02-01T10:48:00","slug":"nuevo-intercambiador-conde-de-casal-plan-construccion-2023","status":"publish","type":"post","link":"https:\/\/www.vidademadrid.com\/es\/47929\/nuevo-intercambiador-conde-de-casal-plan-construccion-2023\/","title":{"rendered":"Se aprueba el plan para la construcci\u00f3n del intercambiador de Conde de Casal"},"content":{"rendered":"<p>El&nbsp;<strong>Ayuntamiento de Madrid&nbsp;<\/strong>ha aprobado el plan especial para la construcci\u00f3n de un intercambiador en&nbsp;<strong>Conde de Casal&nbsp;<\/strong>que mejorar\u00e1 la experiencia de los usuarios y el tr\u00e1fico de la A-3. Te contamos toda la informaci\u00f3n en este art\u00edculo.&nbsp;<\/p>\n<h2>Plan especial para construir el intercambiador de Conde de Casal<\/h2>\n<p><script async=\"\" src=\"https:\/\/pagead2.googlesyndication.com\/pagead\/js\/adsbygoogle.js\"><\/script> <ins class=\"adsbygoogle\" style=\"display:block\" data-ad-format=\"fluid\" data-ad-layout-key=\"-7f+eo+1+2-5\" data-ad-client=\"ca-pub-7450064428034605\" data-ad-slot=\"7327027071\"><\/ins><script>(adsbygoogle = window.adsbygoogle || []).push({});<\/script>El distrito de Retiro tendr\u00e1 un&nbsp;<strong>nuevo intercambiador&nbsp;<\/strong>en Conde de Casal, as\u00ed lo ha aprobado el Pleno del Ayuntamiento de Madrid. Con este intercambiador se pretende&nbsp;<strong>mejorar las condiciones de accesibilidad de viajeros&nbsp;<\/strong>a las d\u00e1rsenas y el intercambio con la red de Metro as\u00ed como plantear una organizaci\u00f3n m\u00e1s eficaz de los&nbsp;<strong>autobuses urbanos e interurbanos.&nbsp;<\/strong><\/p>\n<p>El plan ordena el nuevo intercambiador en tres zonas: una de circulaci\u00f3n de autobuses; una zona de d\u00e1rsenas y una de espera, con servicios generales y usos asociados; que incluye oficinas, locales comerciales y zona de restauraci\u00f3n.&nbsp;<\/p>\n<h2>Nuevo intercambiador Conde de Casal&nbsp;<\/h2>\n<p><script async=\"\" src=\"https:\/\/pagead2.googlesyndication.com\/pagead\/js\/adsbygoogle.js\"><\/script> <ins class=\"adsbygoogle\" style=\"display:block; text-align:center;\" data-ad-layout=\"in-article\" data-ad-format=\"fluid\" data-ad-client=\"ca-pub-7450064428034605\" data-ad-slot=\"5670045061\"><\/ins> <script>(adsbygoogle = window.adsbygoogle || []).push({});<\/script>El&nbsp;<strong>nuevo intercambiador&nbsp;<\/strong>busca resolver los problemas actuales: la ubicaci\u00f3n de las paradas existentes de los&nbsp;<strong>autobuses interurbanos,&nbsp;<\/strong>que est\u00e1n ubicadas en la avenida del Mediterr\u00e1neo; las dificultades para transbordos; la falta de conexi\u00f3n directa entre la parada de Metro de Conde de Casal y los autobuses de la EMT y la falta de espacio seguro para la espera de autobuses urbanos e interurbanos.&nbsp;<\/p>\n<p>Esta iniciativa afecta una superficie de casi&nbsp;<strong>21 mil metros cuadrados&nbsp;<\/strong>y se encuentra en el tramo viario comprendido entre la&nbsp;<strong>glorieta de Conde de Casal&nbsp;<\/strong>y el inicio del paso superior de la&nbsp;<strong>avenida del Mediterr\u00e1neo&nbsp;<\/strong>sobre la M-30.&nbsp;<\/p>\n<figure id=\"attachment_47940\" aria-describedby=\"caption-attachment-47940\" style=\"width: 300px\" class=\"wp-caption alignnone\"><a href=\"https:\/\/www.vidademadrid.com\/es\/wp-content\/uploads\/2023\/02\/PlanoCondeCasal-300x268-1.jpeg\"><img loading=\"lazy\" decoding=\"async\" class=\"size-full wp-image-47940\" src=\"https:\/\/www.vidademadrid.com\/es\/wp-content\/uploads\/2023\/02\/PlanoCondeCasal-300x268-1.jpeg\" alt=\"\" width=\"300\" height=\"268\"><\/a><figcaption id=\"caption-attachment-47940\" class=\"wp-caption-text\">Foto: Ayuntamiento de Madrid<\/figcaption><\/figure>\n","protected":false},"excerpt":{"rendered":"<p>El intercambiador albergar\u00e1 las paradas de los autobuses urbanos e interurbanos. <\/p>\n","protected":false},"author":15,"featured_media":47930,"comment_status":"open","ping_status":"open","sticky":false,"template":"","format":"standard","meta":{"footnotes":""},"categories":[23],"tags":[],"class_list":{"0":"post-47929","1":"post","2":"type-post","3":"status-publish","4":"format-standard","5":"has-post-thumbnail","7":"category-transportes-huelgas-madrid"},"_links":{"self":[{"href":"https:\/\/www.vidademadrid.com\/es\/wp-json\/wp\/v2\/posts\/47929","targetHints":{"allow":["GET"]}}],"collection":[{"href":"https:\/\/www.vidademadrid.com\/es\/wp-json\/wp\/v2\/posts"}],"about":[{"href":"https:\/\/www.vidademadrid.com\/es\/wp-json\/wp\/v2\/types\/post"}],"author":[{"embeddable":true,"href":"https:\/\/www.vidademadrid.com\/es\/wp-json\/wp\/v2\/users\/15"}],"replies":[{"embeddable":true,"href":"https:\/\/www.vidademadrid.com\/es\/wp-json\/wp\/v2\/comments?post=47929"}],"version-history":[{"count":2,"href":"https:\/\/www.vidademadrid.com\/es\/wp-json\/wp\/v2\/posts\/47929\/revisions"}],"predecessor-version":[{"id":47942,"href":"https:\/\/www.vidademadrid.com\/es\/wp-json\/wp\/v2\/posts\/47929\/revisions\/47942"}],"wp:featuredmedia":[{"embeddable":true,"href":"https:\/\/www.vidademadrid.com\/es\/wp-json\/wp\/v2\/media\/47930"}],"wp:attachment":[{"href":"https:\/\/www.vidademadrid.com\/es\/wp-json\/wp\/v2\/media?parent=47929"}],"wp:term":[{"taxonomy":"category","embeddable":true,"href":"https:\/\/www.vidademadrid.com\/es\/wp-json\/wp\/v2\/categories?post=47929"},{"taxonomy":"post_tag","embeddable":true,"href":"https:\/\/www.vidademadrid.com\/es\/wp-json\/wp\/v2\/tags?post=47929"}],"curies":[{"name":"wp","href":"https:\/\/api.w.org\/{rel}","templated":true}]}}