{"id":4788,"date":"2016-09-22T18:53:39","date_gmt":"2016-09-22T16:53:39","guid":{"rendered":"http:\/\/www.vidademadrid.com\/es\/?p=4788"},"modified":"2016-09-23T15:04:53","modified_gmt":"2016-09-23T13:04:53","slug":"23-24-25-septiembre-2016-madrid","status":"publish","type":"post","link":"https:\/\/www.vidademadrid.com\/es\/4788\/23-24-25-septiembre-2016-madrid\/","title":{"rendered":"23-24-25 septiembre 2016 en Madrid: los mejores planes del primer finde de oto\u00f1o"},"content":{"rendered":"<p>Ya ha llegado el oto\u00f1o a Madrid pero eso non significa que la ciudad se para! El fin de semana de 23-24-25 septiembre 2016 ser\u00e1n &#8211; como siempre &#8211; muchos los eventos y variados los planos que hacer.<\/p>\n<p>Os recopilo en este art\u00edculo &#8211; siempre actualizado &#8211; los planes por d\u00eda. Pod\u00e9is se\u00f1alarme m\u00e1s eventos a <a href=\"mailto:info@vidademadrid.com\">info@vidademadrid.com<\/a>.<\/p>\n<p>Pincha en los enlaces para saber todo:<br \/>\n<script async src=\"\/\/pagead2.googlesyndication.com\/pagead\/js\/adsbygoogle.js\"><\/script> <!-- Vida vertical --> <ins class=\"adsbygoogle\" style=\"display:inline-block;width:300px;height:600px\" data-ad-client=\"ca-pub-7450064428034605\" data-ad-slot=\"7296098777\"><\/ins> <script> (adsbygoogle = window.adsbygoogle || []).push({}); <\/script><br \/>\n<a href=\"#a\">Viernes 23<\/a> &#8211; <a href=\"#b\">S\u00e1bado 24<\/a> &#8211; <a href=\"#c\">Domingo 25 septiembre 2016 en Madrid<\/a><\/p>\n<h2 id=\"a\">Viernes 23 septiembre 2016 en Madrid<\/h2>\n<ul>\n<li>Nueva <strong>exposici\u00f3n Lego<\/strong> <a href=\"http:\/\/www.vidademadrid.com\/es\/4676\/the-art-of-the-brick-madrid-dc-super-heroes\/\" target=\"_blank\">The Art of The Brick &#8211; super h\u00e9roes en Col\u00f3n<\/a>\n<li><a href=\"http:\/\/www.vidademadrid.com\/es\/4615\/fiestas-las-rozas-2016\/\" target=\"_blank\">Primer finde de las fiestas de Las Rozas<\/a> &#8211;  a las 22:00 h. Concierto <strong>Maldita Nerea <\/strong>\n<li><a href=\"http:\/\/www.vidademadrid.com\/es\/4654\/fiestas-chamartin-2016\/\" target=\"_blank\">Primer finde de las Fiestas de <strong>Chamart\u00edn<\/strong><\/a>\n<li>\u00daltimo finde de \u201c<strong>El Bosco<\/strong>. La exposici\u00f3n del Centenario\u201d en el Museo del Prado (de 10.00 a 22.00 h;).\n<li>\u00daltimo finde de ruta de la tapa <strong><a href=\"http:\/\/www.vidademadrid.com\/es\/4539\/hotel-tapa-tour-2016-madrid\/\">\u00abHotel Tapa Tour\u00bb en 24 hoteles<\/a><\/strong>.\n<li><a href=\"http:\/\/www.vidademadrid.com\/es\/4794\/villaviciosa-odon-fiestas-2016-programa-23-24-25-septiembre\/\">Fiestas Villaviciosa de Od\u00f3n<\/a>\n<li><a href=\"http:\/\/madridoktoberfest.es\/\" target=\"_blank\">Oktoberfest Madrid<\/a>\n<\/ul>\n<h2 id=\"b\">S\u00e1bado 24 septiembre 2016 en Madrid<\/h2>\n<ul>\n<li>Teatro Real: ver <strong>Otello, gratis y en directo!<\/strong> Retransmisi\u00f3n en directo de la funci\u00f3n a las 20h en <a href=\"http:\/\/www.teatro-real.com\/es\/temporada-16-17\/otras-actividades\/otello-en-directo\" target=\"_blank\">diferentes espacios de Madrid<\/a>:<br \/>\n<blockquote><p>Ayuntamiento de Alcal\u00e1 de Henares<br \/>\nPlaza de los Juegos Reunidos, Alcobendas<br \/>\nPlaza Mayor de Chinch\u00f3n<br \/>\nCasa de la Cultura de Daganzo<br \/>\nTeatro Luis y Valiente de Fuenlabrada<br \/>\nExterior del Teatro Federico Garc\u00eda Lorca, Getafe<br \/>\nAccenture, Madrid<br \/>\nJunta Municipal de Chamber\u00ed, Madrid<br \/>\nC\u00edrculo de Bellas Artes, Madrid<br \/>\nJunta Municipal de Moncloa, Madrid<br \/>\nMuseo del Prado, Madrid<br \/>\nMuseo Thyssen-Bornemisza, Madrid<br \/>\nFundaci\u00f3n Canal de Isabel II, Madrid<br \/>\nFundaci\u00f3n Giner de los R\u00edos, Madrid<br \/>\nResidencia de Estudiantes, Madrid<br \/>\nAyuntamiento de San Mart\u00edn de Valdeiglesias<br \/>\nCine de San Mart\u00edn de Valdeiglesias<br \/>\nSala Babel de Torrelodones<br \/>\nTeatro Municipal de Tres Cantos<br \/>\nCasa de la Cultura de Valdemorillo<br \/>\nAyuntamiento de Valdemoro<\/p><\/blockquote>\n<li>\u00daltimo finde de \u201c<strong>El Bosco<\/strong>. La exposici\u00f3n del Centenario\u201d en el Museo del Prado (de 10.00 a 22.00 h;)\n<li>Nueva exposici\u00f3n <a href=\"http:\/\/www.vidademadrid.com\/es\/4676\/the-art-of-the-brick-madrid-dc-super-heroes\/\" target=\"_blank\">Lego <strong>The Art of The Brick<\/strong> &#8211; super h\u00e9roes en Col\u00f3n<\/a>\n<li>\u00daltimo finde de ruta de la tapa <strong><a href=\"http:\/\/www.vidademadrid.com\/es\/4539\/hotel-tapa-tour-2016-madrid\/\">\u00abHotel Tapa Tour\u00bb en 24 hoteles<\/a><\/strong>.\n<li><a href=\"https:\/\/www.facebook.com\/ItalianFXP\/\" target=\"_blank\">\u201c<strong>ItalianFoodXP <\/strong>\u2013 Experience Italy South and Beyond\u201d<\/a> \u2013 Men\u00fas especiales en 2 restaurantes de Madrid: Il Pastaio en R\u00edos Rosas 49 y Pasta Mito en el Mercado de Chamart\u00edn.\n<li><a href=\"http:\/\/www.vidademadrid.com\/es\/4654\/fiestas-chamartin-2016\/\" target=\"_blank\">Primer finde de las <strong>Fiestas de Chamart\u00edn<\/strong><\/a>\n<li><a href=\"http:\/\/www.vidademadrid.com\/es\/4615\/fiestas-las-rozas-2016\/\" target=\"_blank\">Primer finde de las fiestas de <strong>Las Rozas<\/strong><\/a> &#8211;  a las 22:00 h. Concierto <strong>Los Secretos + El Pulpo<\/strong>\n<li><a href=\"http:\/\/www.vidademadrid.com\/es\/4794\/villaviciosa-odon-fiestas-2016-programa-23-24-25-septiembre\/\">Fiestas Villaviciosa de Od\u00f3n<\/a>\n<li><a href=\"http:\/\/madridoktoberfest.es\/\" target=\"_blank\">Oktoberfest Madrid<\/a>\n<\/ul>\n<h2 id=\"c\">Domingo 25 septiembre 2016 en Madrid<\/h2>\n<ul>\n<li>Dar un paseo por <strong>El Retiro<\/strong> con sus colores de oto\u00f1o (en alto mi foto).\n<li><a href=\"http:\/\/www.vidademadrid.com\/es\/4654\/fiestas-chamartin-2016\/\" target=\"_blank\">Primer finde de las Fiestas de <strong>Chamart\u00edn<\/strong><\/a>\n<li><a href=\"http:\/\/www.vidademadrid.com\/es\/4615\/fiestas-las-rozas-2016\/\" target=\"_blank\">Primer finde de las fiestas de <strong>Las Rozas<\/strong><\/a>\n<li><a href=\"http:\/\/www.vidademadrid.com\/es\/4794\/villaviciosa-odon-fiestas-2016-programa-23-24-25-septiembre\/\">Fiestas Villaviciosa de Od\u00f3n<\/a>\n<li>Nueva exposici\u00f3n <a href=\"http:\/\/www.vidademadrid.com\/es\/4676\/the-art-of-the-brick-madrid-dc-super-heroes\/\" target=\"_blank\">Lego The Art of The Brick &#8211; super h\u00e9roes en <strong>Col\u00f3n<\/strong><\/a>\n<li><strong>\u00daltimo d\u00eda de \u201cEl Bosco.<\/strong> La exposici\u00f3n del Centenario\u201d en el Museo del Prado (de 10.00 a 21.00 h;).\n<li>\u00daltimo d\u00eda de ruta de la tapa <strong><a href=\"http:\/\/www.vidademadrid.com\/es\/4539\/hotel-tapa-tour-2016-madrid\/\">\u00abHotel Tapa Tour\u00bb en 24 hoteles<\/a><\/strong>.\n<li>\u00daltimo d\u00eda: <a href=\"https:\/\/www.facebook.com\/ItalianFXP\/\" target=\"_blank\">\u201cItalianFoodXP \u2013 Experience Italy South and Beyond\u201d<\/a> \u2013 semana dedicada en toda Espa\u00f1a a la cocina de las regiones del sur de Italia. Men\u00fas especiales en 2 restaurantes de Madrid: Il Pastaio en R\u00edos Rosas 49 y Pasta Mito en el Mercado de Chamart\u00edn.\n<li>Partido en el Calderon: a las 16 <strong>Atl\u00e9tico Madrid-Deportivo<\/strong>\n<li><a href=\"http:\/\/madridoktoberfest.es\/\" target=\"_blank\">Oktoberfest Madrid<\/a>\n<\/ul>\n<p><strong>\u00bfTe ha gustado este art\u00edculo? \u00a1S\u00edgueme!<\/strong><\/p>\n<p><iframe loading=\"lazy\" style=\"border: none; overflow: hidden;\" src=\"https:\/\/www.facebook.com\/plugins\/page.php?href=https%3A%2F%2Fwww.facebook.com%2FVidadeMadrid&#038;tabs&#038;width=340&#038;height=70&#038;small_header=true&#038;adapt_container_width=true&#038;hide_cover=true&#038;show_facepile=false&#038;appId=107638461912\" width=\"700\" height=\"70\" frameborder=\"0\" scrolling=\"no\"><\/iframe> <\/p>\n<p><a href=\"https:\/\/twitter.com\/vidademadrid\" class=\"twitter-follow-button\" data-show-count=\"false\" data-size=\"large\">Follow @vidademadrid<\/a> <script>!function(d,s,id){var js,fjs=d.getElementsByTagName(s)[0],p=\/^http:\/.test(d.location)?'http':'https';if(!d.getElementById(id)){js=d.createElement(s);js.id=id;js.src=p+':\/\/platform.twitter.com\/widgets.js';fjs.parentNode.insertBefore(js,fjs);}}(document, 'script', 'twitter-wjs');<\/script> <\/p>\n","protected":false},"excerpt":{"rendered":"<p>Muchos planes!<\/p>\n","protected":false},"author":1,"featured_media":0,"comment_status":"open","ping_status":"open","sticky":false,"template":"","format":"standard","meta":{"footnotes":""},"categories":[1],"tags":[],"class_list":{"0":"post-4788","1":"post","2":"type-post","3":"status-publish","4":"format-standard","6":"category-varios"},"_links":{"self":[{"href":"https:\/\/www.vidademadrid.com\/es\/wp-json\/wp\/v2\/posts\/4788","targetHints":{"allow":["GET"]}}],"collection":[{"href":"https:\/\/www.vidademadrid.com\/es\/wp-json\/wp\/v2\/posts"}],"about":[{"href":"https:\/\/www.vidademadrid.com\/es\/wp-json\/wp\/v2\/types\/post"}],"author":[{"embeddable":true,"href":"https:\/\/www.vidademadrid.com\/es\/wp-json\/wp\/v2\/users\/1"}],"replies":[{"embeddable":true,"href":"https:\/\/www.vidademadrid.com\/es\/wp-json\/wp\/v2\/comments?post=4788"}],"version-history":[{"count":11,"href":"https:\/\/www.vidademadrid.com\/es\/wp-json\/wp\/v2\/posts\/4788\/revisions"}],"predecessor-version":[{"id":4824,"href":"https:\/\/www.vidademadrid.com\/es\/wp-json\/wp\/v2\/posts\/4788\/revisions\/4824"}],"wp:attachment":[{"href":"https:\/\/www.vidademadrid.com\/es\/wp-json\/wp\/v2\/media?parent=4788"}],"wp:term":[{"taxonomy":"category","embeddable":true,"href":"https:\/\/www.vidademadrid.com\/es\/wp-json\/wp\/v2\/categories?post=4788"},{"taxonomy":"post_tag","embeddable":true,"href":"https:\/\/www.vidademadrid.com\/es\/wp-json\/wp\/v2\/tags?post=4788"}],"curies":[{"name":"wp","href":"https:\/\/api.w.org\/{rel}","templated":true}]}}