{"id":47854,"date":"2023-01-27T19:12:07","date_gmt":"2023-01-27T18:12:07","guid":{"rendered":"https:\/\/www.vidademadrid.com\/es\/?p=47854"},"modified":"2023-01-27T19:12:14","modified_gmt":"2023-01-27T18:12:14","slug":"nuevos-uniformes-agentes-movilidad-madrid-novedades","status":"publish","type":"post","link":"https:\/\/www.vidademadrid.com\/es\/47854\/nuevos-uniformes-agentes-movilidad-madrid-novedades\/","title":{"rendered":"As\u00ed son los nuevos uniformes de los agentes de movilidad"},"content":{"rendered":"\n<p>Los <strong>agentes de movilidad de Madrid<\/strong> cambian de imagen y estrenan<strong> nuevo uniforme con diferente color y otras novedades<\/strong>. En este art\u00edculo te desvelamos todos los detalles de este nueva vestimenta.&nbsp;<\/p>\n\n\n\n<h2 class=\"wp-block-heading\">Nuevos uniformes de los agentes de movilidad&nbsp;<\/h2>\n\n\n\n<script async src=\"https:\/\/pagead2.googlesyndication.com\/pagead\/js\/adsbygoogle.js\"><\/script> <ins class=\"adsbygoogle\"  style=\"display:block\" data-ad-format=\"fluid\" data-ad-layout-key=\"-7f+eo+1+2-5\" data-ad-client=\"ca-pub-7450064428034605\" data-ad-slot=\"7327027071\"><\/ins><script>(adsbygoogle = window.adsbygoogle || []).push({});<\/script>\n\n\n\n\n<p>Los agentes de movilidad cambiar\u00e1n de imagen. A partir de este s\u00e1bado 28 de enero de 2023, llevar\u00e1n un <strong>nuevo uniforme<\/strong>. El gran cambio se ver\u00e1 reflejado en el color, atr\u00e1s se queda el color amarillo para convertirse en un rojo fl\u00faor. Una medida que busca mejorar la visibilidad de estos agentes y diferenciarlos de otros colectivos que act\u00faan en la v\u00eda p\u00fablica como la Polic\u00eda Nacional.<\/p>\n\n\n\n<figure class=\"wp-block-image size-large td-caption-align-https:\/\/www.vidademadrid.com\/es\/wp-content\/uploads\/2023\/01\/230125MJB6581-1500x1000-1.jpg\"><a href=\"https:\/\/www.vidademadrid.com\/es\/wp-content\/uploads\/2023\/01\/230125MJB6581-1500x1000-1.jpg\"><img loading=\"lazy\" decoding=\"async\" width=\"1024\" height=\"683\" src=\"https:\/\/www.vidademadrid.com\/es\/wp-content\/uploads\/2023\/01\/230125MJB6581-1500x1000-1-1024x683.jpg\" alt=\"\" class=\"wp-image-47856\" srcset=\"https:\/\/www.vidademadrid.com\/es\/wp-content\/uploads\/2023\/01\/230125MJB6581-1500x1000-1-1024x683.jpg 1024w, https:\/\/www.vidademadrid.com\/es\/wp-content\/uploads\/2023\/01\/230125MJB6581-1500x1000-1-300x200.jpg 300w, https:\/\/www.vidademadrid.com\/es\/wp-content\/uploads\/2023\/01\/230125MJB6581-1500x1000-1-768x512.jpg 768w, https:\/\/www.vidademadrid.com\/es\/wp-content\/uploads\/2023\/01\/230125MJB6581-1500x1000-1-696x464.jpg 696w, https:\/\/www.vidademadrid.com\/es\/wp-content\/uploads\/2023\/01\/230125MJB6581-1500x1000-1-1068x712.jpg 1068w, https:\/\/www.vidademadrid.com\/es\/wp-content\/uploads\/2023\/01\/230125MJB6581-1500x1000-1-630x420.jpg 630w, https:\/\/www.vidademadrid.com\/es\/wp-content\/uploads\/2023\/01\/230125MJB6581-1500x1000-1.jpg 1500w\" sizes=\"auto, (max-width: 1024px) 100vw, 1024px\" \/><\/a><figcaption>Foto: diario.madrid.es<\/figcaption><\/figure>\n\n\n\n<h2 class=\"wp-block-heading\">Otras novedades del nuevo uniforme de los agentes de movilidad<\/h2>\n\n\n\n<script async src=\"https:\/\/pagead2.googlesyndication.com\/pagead\/js\/adsbygoogle.js\"><\/script> <ins class=\"adsbygoogle\" style=\"display:block; text-align:center;\" data-ad-layout=\"in-article\" data-ad-format=\"fluid\" data-ad-client=\"ca-pub-7450064428034605\" data-ad-slot=\"5670045061\"><\/ins> <script>(adsbygoogle = window.adsbygoogle || []).push({});<\/script>\n\n\n\n\n<p>Entre otras novedades del uniforme se encuentran otras mejoras:<\/p>\n\n\n\n<ul class=\"wp-block-list\"><li>Los anoraks se ajustan por primera vez a las necesidades de las 75 mujeres integradas en el cuerpo, que hasta ahora ten\u00edan que utilizar los mismos uniformes que los hombres.<\/li><li>Todas las prendas est\u00e1n elaboradas con tejidos de alta visibilidad y bandas reflectantes, empleando materiales de gran confort y adaptables tanto para las \u00e9pocas de fr\u00edo como estivales.<\/li><li>Las bandas reflectantes son retrorreflectantes discontinuas para que sean m\u00e1s resistentes.<\/li><\/ul>\n","protected":false},"excerpt":{"rendered":"<p>Que pasar\u00e1 a ser rojo fl\u00faor entre otras novedades <\/p>\n","protected":false},"author":13,"featured_media":47857,"comment_status":"open","ping_status":"open","sticky":false,"template":"","format":"standard","meta":{"footnotes":""},"categories":[12],"tags":[],"class_list":{"0":"post-47854","1":"post","2":"type-post","3":"status-publish","4":"format-standard","5":"has-post-thumbnail","7":"category-actualidad-noticias-madrid"},"_links":{"self":[{"href":"https:\/\/www.vidademadrid.com\/es\/wp-json\/wp\/v2\/posts\/47854","targetHints":{"allow":["GET"]}}],"collection":[{"href":"https:\/\/www.vidademadrid.com\/es\/wp-json\/wp\/v2\/posts"}],"about":[{"href":"https:\/\/www.vidademadrid.com\/es\/wp-json\/wp\/v2\/types\/post"}],"author":[{"embeddable":true,"href":"https:\/\/www.vidademadrid.com\/es\/wp-json\/wp\/v2\/users\/13"}],"replies":[{"embeddable":true,"href":"https:\/\/www.vidademadrid.com\/es\/wp-json\/wp\/v2\/comments?post=47854"}],"version-history":[{"count":2,"href":"https:\/\/www.vidademadrid.com\/es\/wp-json\/wp\/v2\/posts\/47854\/revisions"}],"predecessor-version":[{"id":47858,"href":"https:\/\/www.vidademadrid.com\/es\/wp-json\/wp\/v2\/posts\/47854\/revisions\/47858"}],"wp:featuredmedia":[{"embeddable":true,"href":"https:\/\/www.vidademadrid.com\/es\/wp-json\/wp\/v2\/media\/47857"}],"wp:attachment":[{"href":"https:\/\/www.vidademadrid.com\/es\/wp-json\/wp\/v2\/media?parent=47854"}],"wp:term":[{"taxonomy":"category","embeddable":true,"href":"https:\/\/www.vidademadrid.com\/es\/wp-json\/wp\/v2\/categories?post=47854"},{"taxonomy":"post_tag","embeddable":true,"href":"https:\/\/www.vidademadrid.com\/es\/wp-json\/wp\/v2\/tags?post=47854"}],"curies":[{"name":"wp","href":"https:\/\/api.w.org\/{rel}","templated":true}]}}