{"id":47787,"date":"2023-01-25T19:07:55","date_gmt":"2023-01-25T18:07:55","guid":{"rendered":"https:\/\/www.vidademadrid.com\/es\/?p=47787"},"modified":"2023-01-25T19:08:00","modified_gmt":"2023-01-25T18:08:00","slug":"21-distritos-madrid-programacion-2023-actividades","status":"publish","type":"post","link":"https:\/\/www.vidademadrid.com\/es\/47787\/21-distritos-madrid-programacion-2023-actividades\/","title":{"rendered":"Vuelve 21distritos con una programaci\u00f3n llena de actividades"},"content":{"rendered":"\n<p>Ya han anunciado la<strong> cuarta temporada de <a href=\"https:\/\/21distritos.es\/21-distritos\/\">21distritos<\/a><\/strong>, el programa\u00a0impulsado por el \u00c1rea de Cultura, Turismo y Deporte que incluye numerosas actividades gratuitas para los vecinos de los distintos barrios. En este art\u00edculo te desvelamos todo lo que conocemos por el momento.<\/p>\n\n\n\n<h2 class=\"wp-block-heading\">&nbsp;Vuelve 21distritos con m\u00e1s de 200 actividades gratuitas<\/h2>\n\n\n\n<script async src=\"https:\/\/pagead2.googlesyndication.com\/pagead\/js\/adsbygoogle.js\"><\/script> <ins class=\"adsbygoogle\"  style=\"display:block\" data-ad-format=\"fluid\" data-ad-layout-key=\"-7f+eo+1+2-5\" data-ad-client=\"ca-pub-7450064428034605\" data-ad-slot=\"7327027071\"><\/ins><script>(adsbygoogle = window.adsbygoogle || []).push({});<\/script>\n\n\n\n\n<p>En palabras del alcalde de Madrid, Jos\u00e9 Luis-Mart\u00ednez Almeida: \u201c Madrid no se puede entender sin cultura\u201d, por eso un a\u00f1o m\u00e1s han anunciado el atractivo <strong>programa de actividades de <em><a href=\"https:\/\/21distritos.es\/21-distritos\/\">21distritos<\/a><\/em><\/strong>. Una cuarta edici\u00f3n que incluye: <strong>m\u00fasica, teatro, circo, danza, t\u00edteres, exposiciones, <em>performance,<\/em> audiovisuales, talleres o eventos al aire libre, hasta actividades formativas.<\/strong><\/p>\n\n\n\n<p>Dentro del marco de este programa 2023, tambi\u00e9n tendr\u00e1 lugar:<\/p>\n\n\n\n<ul class=\"wp-block-list\"><li>La tercera edici\u00f3n del Programa de Intermediaci\u00f3n entre Artistas y Distritos (PIAD) donde artistas y compa\u00f1\u00edas residentes en Madrid podr\u00e1n desarrollar sus procesos creativos.<\/li><li>La <a href=\"https:\/\/21distritos.es\/festival-la-sub25\/\">tercera edici\u00f3n de La Sub25<\/a>, el festival joven de Madrid en el que los artistas que participan tienen hasta 25 a\u00f1os y que tiene el objetivo de apoyar a colectivos emergentes y la cultura urbana.<\/li><\/ul>\n\n\n\n<h2 class=\"wp-block-heading\">Programa 21distritos<\/h2>\n\n\n\n<script async src=\"https:\/\/pagead2.googlesyndication.com\/pagead\/js\/adsbygoogle.js\"><\/script> <ins class=\"adsbygoogle\" style=\"display:block; text-align:center;\" data-ad-layout=\"in-article\" data-ad-format=\"fluid\" data-ad-client=\"ca-pub-7450064428034605\" data-ad-slot=\"5670045061\"><\/ins> <script>(adsbygoogle = window.adsbygoogle || []).push({});<\/script>\n\n\n\n\n<p>Las <strong>actividades<\/strong> de <strong><a href=\"https:\/\/21distritos.es\/21-distritos\/\"><em>21distritos<\/em> <\/a>comenzar\u00e1n este viernes 27 de enero<\/strong> en el Centro Cultural Galileo con el divertido espect\u00e1culo de comedia musical a capela del grupo Dimensi\u00f3n Vocal.<\/p>\n\n\n\n<ul class=\"wp-block-list\"><li><strong>S\u00e1bado 28 de enero de 2023<\/strong>:&nbsp;artista Ni\u00f1o de Elche mantendr\u00e1 un coloquio con el p\u00fablico en el Centro Cultural Paco de Luc\u00eda<\/li><li><strong>Domingo 29 de enero de 2023<\/strong>: la compa\u00f1\u00eda AJAY\u00da representar\u00e1 el m\u00e1gico cuento musical \u2018Arbolito y Abubilla\u2019 para que disfruten los peques de la casa en el Centro Cultural Casa de Vacas de El Retiro<\/li><\/ul>\n\n\n\n<p>Entre <strong>otras actividades<\/strong> que tendr\u00e1n lugar a lo largo del a\u00f1o se podr\u00e1 disfrutar de:<\/p>\n\n\n\n<ul class=\"wp-block-list\"><li>La edici\u00f3n de la Mesa 2030, sobre sostenibilidad y cultura, con diferentes ponencias e intervenciones art\u00edsticas<\/li><li>El Festival multidisciplinar de cultura africana Africulturas<\/li><li>El Festival de cultura en ingl\u00e9s Madringlish<\/li><li>Dos ciclos de cine con coloquio: el ciclo de cine afro y el de cine multicultural<\/li><li>21 distrititos, un festival dirigido a los m\u00e1s peque\u00f1os y a las familias que se celebrar\u00e1 durante San Isidro 2023<\/li><li>Talleres de artes esc\u00e9nicas, danza, artes visuales, tecnolog\u00eda, t\u00edteres, lengua de signos, <em>freestyle<\/em> o gesti\u00f3n de emociones<\/li><\/ul>\n\n\n<ul>\n<li>Ya puedes descubrir todas las actividades <a href=\"https:\/\/21distritos.es\/programacion\/\">aqu\u00ed<\/a>.<\/li>\n<\/ul>","protected":false},"excerpt":{"rendered":"<p>Con 200 nuevas actividades gratuitas <\/p>\n","protected":false},"author":13,"featured_media":47790,"comment_status":"open","ping_status":"open","sticky":false,"template":"","format":"standard","meta":{"footnotes":""},"categories":[1],"tags":[],"class_list":{"0":"post-47787","1":"post","2":"type-post","3":"status-publish","4":"format-standard","5":"has-post-thumbnail","7":"category-varios"},"_links":{"self":[{"href":"https:\/\/www.vidademadrid.com\/es\/wp-json\/wp\/v2\/posts\/47787","targetHints":{"allow":["GET"]}}],"collection":[{"href":"https:\/\/www.vidademadrid.com\/es\/wp-json\/wp\/v2\/posts"}],"about":[{"href":"https:\/\/www.vidademadrid.com\/es\/wp-json\/wp\/v2\/types\/post"}],"author":[{"embeddable":true,"href":"https:\/\/www.vidademadrid.com\/es\/wp-json\/wp\/v2\/users\/13"}],"replies":[{"embeddable":true,"href":"https:\/\/www.vidademadrid.com\/es\/wp-json\/wp\/v2\/comments?post=47787"}],"version-history":[{"count":3,"href":"https:\/\/www.vidademadrid.com\/es\/wp-json\/wp\/v2\/posts\/47787\/revisions"}],"predecessor-version":[{"id":47791,"href":"https:\/\/www.vidademadrid.com\/es\/wp-json\/wp\/v2\/posts\/47787\/revisions\/47791"}],"wp:featuredmedia":[{"embeddable":true,"href":"https:\/\/www.vidademadrid.com\/es\/wp-json\/wp\/v2\/media\/47790"}],"wp:attachment":[{"href":"https:\/\/www.vidademadrid.com\/es\/wp-json\/wp\/v2\/media?parent=47787"}],"wp:term":[{"taxonomy":"category","embeddable":true,"href":"https:\/\/www.vidademadrid.com\/es\/wp-json\/wp\/v2\/categories?post=47787"},{"taxonomy":"post_tag","embeddable":true,"href":"https:\/\/www.vidademadrid.com\/es\/wp-json\/wp\/v2\/tags?post=47787"}],"curies":[{"name":"wp","href":"https:\/\/api.w.org\/{rel}","templated":true}]}}