{"id":47652,"date":"2023-01-19T06:42:13","date_gmt":"2023-01-19T05:42:13","guid":{"rendered":"https:\/\/www.vidademadrid.com\/es\/?p=47652"},"modified":"2023-01-19T06:42:21","modified_gmt":"2023-01-19T05:42:21","slug":"nuevo-plano-turistico-metro-madrid-donde-conseguir-novedades","status":"publish","type":"post","link":"https:\/\/www.vidademadrid.com\/es\/47652\/nuevo-plano-turistico-metro-madrid-donde-conseguir-novedades\/","title":{"rendered":"Estas son las novedades que incluye el nuevo plano tur\u00edstico de Metro Madrid"},"content":{"rendered":"\n<p>La Comunidad de Madrid ha presentado el <strong>nuevo plano tur\u00edstico de Metro Madrid<\/strong> durante la primera jornada de FITUR. En este art\u00edculo te desvelamos las novedades que incluir\u00e1 y d\u00f3nde lo podr\u00e1s conseguir.&nbsp;<\/p>\n\n\n\n<h2 class=\"wp-block-heading\">Novedades nuevo plano tur\u00edstico de Metro Madrid\u00a0<\/h2>\n\n\n\n<script async src=\"https:\/\/pagead2.googlesyndication.com\/pagead\/js\/adsbygoogle.js\"><\/script> <ins class=\"adsbygoogle\"  style=\"display:block\" data-ad-format=\"fluid\" data-ad-layout-key=\"-7f+eo+1+2-5\" data-ad-client=\"ca-pub-7450064428034605\" data-ad-slot=\"7327027071\"><\/ins><script>(adsbygoogle = window.adsbygoogle || []).push({});<\/script>\n\n\n\n\n<p>Este <strong>nuevo plano de metro<\/strong> incluye los <strong>nuevos puntos de inter\u00e9s<\/strong> a los que podr\u00e1s llegar a trav\u00e9s de sus diferentes l\u00edneas. <strong>Museos, teatros, parques y mercados<\/strong> aparecen indicados para que el usuario conozca todos los lugares a los que podr\u00e1 ir haciendo uso de la red suburbana. &nbsp;<\/p>\n\n\n\n<p>A diferencia del anterior, este recoge 68 <strong>nuevos puntos de inter\u00e9s tur\u00edstico<\/strong>, como la Fundaci\u00f3n Canal o el Parque del Cerro del T\u00edo P\u00edo, adem\u00e1s de los propios museos de Metro de Madrid como la Nave de Motores, la exposici\u00f3n de trenes cl\u00e1sicos de Chamart\u00edn, el vest\u00edbulo de Antonio Palacios en Pac\u00edfico o la estaci\u00f3n de Chamber\u00ed; que hacen un total de 127 espacios con acceso directo desde el metro. Otra de sus novedades es el dise\u00f1o, que es m\u00e1s intuitivo, atractivo y \u00fatil.<\/p>\n\n\n<div class=\"wp-block-image\">\n<figure class=\"aligncenter\"><a href=\"https:\/\/www.vidademadrid.com\/es\/wp-content\/uploads\/2023\/01\/a7f953e8-a41d-4046-b6c1-45488611548b.jpg\"><img loading=\"lazy\" decoding=\"async\" width=\"901\" height=\"1600\" src=\"https:\/\/www.vidademadrid.com\/es\/wp-content\/uploads\/2023\/01\/a7f953e8-a41d-4046-b6c1-45488611548b.jpg\" alt=\"\" class=\"wp-image-47655\" srcset=\"https:\/\/www.vidademadrid.com\/es\/wp-content\/uploads\/2023\/01\/a7f953e8-a41d-4046-b6c1-45488611548b.jpg 901w, https:\/\/www.vidademadrid.com\/es\/wp-content\/uploads\/2023\/01\/a7f953e8-a41d-4046-b6c1-45488611548b-169x300.jpg 169w, https:\/\/www.vidademadrid.com\/es\/wp-content\/uploads\/2023\/01\/a7f953e8-a41d-4046-b6c1-45488611548b-577x1024.jpg 577w, https:\/\/www.vidademadrid.com\/es\/wp-content\/uploads\/2023\/01\/a7f953e8-a41d-4046-b6c1-45488611548b-768x1364.jpg 768w, https:\/\/www.vidademadrid.com\/es\/wp-content\/uploads\/2023\/01\/a7f953e8-a41d-4046-b6c1-45488611548b-865x1536.jpg 865w, https:\/\/www.vidademadrid.com\/es\/wp-content\/uploads\/2023\/01\/a7f953e8-a41d-4046-b6c1-45488611548b-696x1236.jpg 696w, https:\/\/www.vidademadrid.com\/es\/wp-content\/uploads\/2023\/01\/a7f953e8-a41d-4046-b6c1-45488611548b-237x420.jpg 237w\" sizes=\"auto, (max-width: 901px) 100vw, 901px\" \/><\/a><figcaption>Foto: Vida de Madrid<\/figcaption><\/figure><\/div>\n\n\n<h2 class=\"wp-block-heading\">\u00bfD\u00f3nde conseguir el nuevo plano tur\u00edstico de Metro Madrid?&nbsp;<\/h2>\n\n\n\n<script async src=\"https:\/\/pagead2.googlesyndication.com\/pagead\/js\/adsbygoogle.js\"><\/script> <ins class=\"adsbygoogle\" style=\"display:block; text-align:center;\" data-ad-layout=\"in-article\" data-ad-format=\"fluid\" data-ad-client=\"ca-pub-7450064428034605\" data-ad-slot=\"5670045061\"><\/ins> <script>(adsbygoogle = window.adsbygoogle || []).push({});<\/script>\n\n\n\n\n<p>De este nuevo plano se har\u00e1 una primera tirada de 500.000 ejemplares que <strong>podr\u00e1s conseguir en en las principales estaciones de la red de Metro como Sol, Callao o Moncloa<\/strong>. Pero tambi\u00e9n lo tendr\u00e1s disponible en formato digital a trav\u00e9s de la aplicaci\u00f3n m\u00f3vil oficial.&nbsp;<\/p>\n","protected":false},"excerpt":{"rendered":"<p>Que incluye m\u00e1s puntos de inter\u00e9s de la ciudad a los que podr\u00e1s llegar en metro <\/p>\n","protected":false},"author":13,"featured_media":47654,"comment_status":"open","ping_status":"open","sticky":false,"template":"","format":"standard","meta":{"footnotes":""},"categories":[12,23],"tags":[],"class_list":{"0":"post-47652","1":"post","2":"type-post","3":"status-publish","4":"format-standard","5":"has-post-thumbnail","7":"category-actualidad-noticias-madrid","8":"category-transportes-huelgas-madrid"},"_links":{"self":[{"href":"https:\/\/www.vidademadrid.com\/es\/wp-json\/wp\/v2\/posts\/47652","targetHints":{"allow":["GET"]}}],"collection":[{"href":"https:\/\/www.vidademadrid.com\/es\/wp-json\/wp\/v2\/posts"}],"about":[{"href":"https:\/\/www.vidademadrid.com\/es\/wp-json\/wp\/v2\/types\/post"}],"author":[{"embeddable":true,"href":"https:\/\/www.vidademadrid.com\/es\/wp-json\/wp\/v2\/users\/13"}],"replies":[{"embeddable":true,"href":"https:\/\/www.vidademadrid.com\/es\/wp-json\/wp\/v2\/comments?post=47652"}],"version-history":[{"count":4,"href":"https:\/\/www.vidademadrid.com\/es\/wp-json\/wp\/v2\/posts\/47652\/revisions"}],"predecessor-version":[{"id":47658,"href":"https:\/\/www.vidademadrid.com\/es\/wp-json\/wp\/v2\/posts\/47652\/revisions\/47658"}],"wp:featuredmedia":[{"embeddable":true,"href":"https:\/\/www.vidademadrid.com\/es\/wp-json\/wp\/v2\/media\/47654"}],"wp:attachment":[{"href":"https:\/\/www.vidademadrid.com\/es\/wp-json\/wp\/v2\/media?parent=47652"}],"wp:term":[{"taxonomy":"category","embeddable":true,"href":"https:\/\/www.vidademadrid.com\/es\/wp-json\/wp\/v2\/categories?post=47652"},{"taxonomy":"post_tag","embeddable":true,"href":"https:\/\/www.vidademadrid.com\/es\/wp-json\/wp\/v2\/tags?post=47652"}],"curies":[{"name":"wp","href":"https:\/\/api.w.org\/{rel}","templated":true}]}}