{"id":47621,"date":"2023-01-17T12:59:10","date_gmt":"2023-01-17T11:59:10","guid":{"rendered":"https:\/\/www.vidademadrid.com\/es\/?p=47621"},"modified":"2023-01-17T12:59:16","modified_gmt":"2023-01-17T11:59:16","slug":"ya-no-habra-recogida-del-cubo-naranja-los-domingos-y-festivos","status":"publish","type":"post","link":"https:\/\/www.vidademadrid.com\/es\/47621\/ya-no-habra-recogida-del-cubo-naranja-los-domingos-y-festivos\/","title":{"rendered":"Ya no habr\u00e1 recogida del cubo naranja los domingos y festivos"},"content":{"rendered":"\n<p>\u00bfEres de los que tira todo al <strong>cubo naranja de restos<\/strong>? Pues a partir de ahora habr\u00e1 que estar m\u00e1s pendientes porque Madrid retirar\u00e1 la recogida de este cubo los domingos y festivos.<\/p>\n\n\n\n<h2 class=\"wp-block-heading\">Nuevo servicio de recogida de basura&nbsp;<\/h2>\n\n\n\n<script async src=\"https:\/\/pagead2.googlesyndication.com\/pagead\/js\/adsbygoogle.js\"><\/script> <ins class=\"adsbygoogle\"  style=\"display:block\" data-ad-format=\"fluid\" data-ad-layout-key=\"-7f+eo+1+2-5\" data-ad-client=\"ca-pub-7450064428034605\" data-ad-slot=\"7327027071\"><\/ins><script>(adsbygoogle = window.adsbygoogle || []).push({});<\/script>\n\n\n\n\n<p>A la hora de bajar la basura, si lo estamos haciendo bien, deber\u00edamos dividirla entre el cubo azul, amarillo, marr\u00f3n, verde y naranja&#8230;&nbsp;<\/p>\n\n\n\n<p>Desde el pasado 1 de noviembre, comenz\u00f3 a funcionar el <strong>nuevo servicio de recogida de residuos<\/strong> que increment\u00f3 los servicios de recogida:<\/p>\n\n\n\n<ul class=\"wp-block-list\"><li>El pl\u00e1stico, metal y brik (contenedor amarillo) se recoge los 7 d\u00edas de la semana.<\/li><li>El papel y el cart\u00f3n (contenedor azul) se recoge 6 d\u00edas a la semana y en las zonas de mayor demanda hasta 4 veces al d\u00eda.<\/li><li>Los residuos org\u00e1nicos (contenedor marr\u00f3n) se recoge tambi\u00e9n todos los d\u00edas.<\/li><li>El vidrio en 1\/3 contenedores se recoge en funci\u00f3n del sensor de llenado que tienen.<\/li><\/ul>\n\n\n\n<h2 class=\"wp-block-heading\">Recogida limitada de los cubos naranja&nbsp;<\/h2>\n\n\n\n<script async src=\"https:\/\/pagead2.googlesyndication.com\/pagead\/js\/adsbygoogle.js\"><\/script> <ins class=\"adsbygoogle\" style=\"display:block; text-align:center;\" data-ad-layout=\"in-article\" data-ad-format=\"fluid\" data-ad-client=\"ca-pub-7450064428034605\" data-ad-slot=\"5670045061\"><\/ins> <script>(adsbygoogle = window.adsbygoogle || []).push({});<\/script>\n\n\n\n\n<p>Ahora bien, \u00bfqu\u00e9 ocurre con el contenedor naranja? Este \u00faltimo corresponde a los restos y seg\u00fan ha informado el \u00e1rea de Medio Ambiente y Movilidad del Consistorio \u201clos residuos que van a este contenedor, si se hace de forma correcta, han de ser muy minoritarios\u201d. Por tanto y con el fin de ajustarse a las diferentes normativas estatales y comunitarias y promover los buenos h\u00e1bitos de divisi\u00f3n de residuos, <strong>Madrid dejar\u00e1 de recoger los domingos y festivos la basura de los contenedores naranjas<\/strong>.<\/p>\n","protected":false},"excerpt":{"rendered":"<p>Una medida que busca promover ls buenos h\u00e1bitos de divisi\u00f3n de residuos <\/p>\n","protected":false},"author":13,"featured_media":47626,"comment_status":"open","ping_status":"open","sticky":false,"template":"","format":"standard","meta":{"footnotes":""},"categories":[12],"tags":[],"class_list":{"0":"post-47621","1":"post","2":"type-post","3":"status-publish","4":"format-standard","5":"has-post-thumbnail","7":"category-actualidad-noticias-madrid"},"_links":{"self":[{"href":"https:\/\/www.vidademadrid.com\/es\/wp-json\/wp\/v2\/posts\/47621","targetHints":{"allow":["GET"]}}],"collection":[{"href":"https:\/\/www.vidademadrid.com\/es\/wp-json\/wp\/v2\/posts"}],"about":[{"href":"https:\/\/www.vidademadrid.com\/es\/wp-json\/wp\/v2\/types\/post"}],"author":[{"embeddable":true,"href":"https:\/\/www.vidademadrid.com\/es\/wp-json\/wp\/v2\/users\/13"}],"replies":[{"embeddable":true,"href":"https:\/\/www.vidademadrid.com\/es\/wp-json\/wp\/v2\/comments?post=47621"}],"version-history":[{"count":3,"href":"https:\/\/www.vidademadrid.com\/es\/wp-json\/wp\/v2\/posts\/47621\/revisions"}],"predecessor-version":[{"id":47627,"href":"https:\/\/www.vidademadrid.com\/es\/wp-json\/wp\/v2\/posts\/47621\/revisions\/47627"}],"wp:featuredmedia":[{"embeddable":true,"href":"https:\/\/www.vidademadrid.com\/es\/wp-json\/wp\/v2\/media\/47626"}],"wp:attachment":[{"href":"https:\/\/www.vidademadrid.com\/es\/wp-json\/wp\/v2\/media?parent=47621"}],"wp:term":[{"taxonomy":"category","embeddable":true,"href":"https:\/\/www.vidademadrid.com\/es\/wp-json\/wp\/v2\/categories?post=47621"},{"taxonomy":"post_tag","embeddable":true,"href":"https:\/\/www.vidademadrid.com\/es\/wp-json\/wp\/v2\/tags?post=47621"}],"curies":[{"name":"wp","href":"https:\/\/api.w.org\/{rel}","templated":true}]}}