{"id":47613,"date":"2023-01-17T12:37:30","date_gmt":"2023-01-17T11:37:30","guid":{"rendered":"https:\/\/www.vidademadrid.com\/es\/?p=47613"},"modified":"2023-01-17T18:00:12","modified_gmt":"2023-01-17T17:00:12","slug":"fitur-2023-estands-comunidad-madrid-ayuntamiento","status":"publish","type":"post","link":"https:\/\/www.vidademadrid.com\/es\/47613\/fitur-2023-estands-comunidad-madrid-ayuntamiento\/","title":{"rendered":"Fitur 2023: estand Madrid y Comunidad de Madrid"},"content":{"rendered":"<p>La&nbsp;<strong>Feria Internacional de Turismo&nbsp;<\/strong>(Fitur) vuelve con su edici\u00f3n 2023 en la que participar\u00e1n&nbsp;<strong>8 mil 500 personas&nbsp;<\/strong>de&nbsp;<strong>131 pa\u00edses.&nbsp;<\/strong>La&nbsp;<strong>Comunidad de Madrid&nbsp;<\/strong>y algunos de sus municipios como Madrid y Alcal\u00e1 de Henares estar\u00e1n presentes. Te contamos toda la informaci\u00f3n en este art\u00edculo.&nbsp;<\/p>\n<h2>Fitur 2023<\/h2>\n<p><script async=\"\" src=\"https:\/\/pagead2.googlesyndication.com\/pagead\/js\/adsbygoogle.js\"><\/script> <ins class=\"adsbygoogle\" style=\"display:block\" data-ad-format=\"fluid\" data-ad-layout-key=\"-7f+eo+1+2-5\" data-ad-client=\"ca-pub-7450064428034605\" data-ad-slot=\"7327027071\"><\/ins><script>(adsbygoogle = window.adsbygoogle || []).push({});<\/script>La&nbsp;<strong>43\u00ba edici\u00f3n&nbsp;<\/strong>de&nbsp;<strong>Fitur&nbsp;<\/strong>ser\u00e1 del&nbsp;<strong>18 al 22 de enero&nbsp;<\/strong>en&nbsp;<strong>Ifema Madrid.&nbsp;<\/strong>Este a\u00f1o, habr\u00e1 un total de&nbsp;<strong>8 mil 500 participantes,&nbsp;<\/strong>de empresas y destinos de m\u00e1s de&nbsp;<strong>130 pa\u00edses.&nbsp;<\/strong>Este a\u00f1o, Guatemala ser\u00e1 el&nbsp;<strong>Pa\u00eds Socio Fitur 2023.&nbsp;<\/strong><\/p>\n<h2>Fitur 2023: Comunidad de Madrid&nbsp;<\/h2>\n<p>La&nbsp;<strong>Comunidad de Madrid&nbsp;<\/strong>promocionar\u00e1 en su estand la <strong>vida nocturna<\/strong> de la regi\u00f3n, el&nbsp;<strong>turismo de golf&nbsp;<\/strong>y el&nbsp;futuro&nbsp;<strong>museo de las Colecciones Real,&nbsp;<\/strong>que abrir\u00e1 a partir de verano.&nbsp;<\/p>\n<p>Adem\u00e1s de difundir la&nbsp;<strong>oferta recreativa, cultural y gastron\u00f3mica&nbsp;<\/strong>de la&nbsp;<strong>Comunidad de Madrid,&nbsp;<\/strong>se busca relanzar a la regi\u00f3n como&nbsp;<strong>destino de congresos, convenciones y eventos.&nbsp;<\/strong><\/p>\n<h2>Fitur 2023: Ayuntamiento de Madrid&nbsp;<\/h2>\n<p><script async=\"\" src=\"https:\/\/pagead2.googlesyndication.com\/pagead\/js\/adsbygoogle.js\"><\/script> <ins class=\"adsbygoogle\" style=\"display:block; text-align:center;\" data-ad-layout=\"in-article\" data-ad-format=\"fluid\" data-ad-client=\"ca-pub-7450064428034605\" data-ad-slot=\"5670045061\"><\/ins> <script>(adsbygoogle = window.adsbygoogle || []).push({});<\/script><strong>Madrid&nbsp;<\/strong>llega al <strong>Fitur 2023 <\/strong>con su imagen m\u00e1s innovadora. La&nbsp;<strong>luz de Madrid&nbsp;<\/strong>ser\u00e1 el&nbsp;<strong>hilo conductor&nbsp;<\/strong>del estand que comparten el <strong>Ayuntamiento y la Comunidad de Madrid. <\/strong><\/p>\n<p>Este a\u00f1o, el&nbsp;<strong>Ayuntamiento de Madrid&nbsp;<\/strong>promocionar\u00e1, a trav\u00e9s de un recorrido sensorial, otras de sus grandes se\u00f1as de identidad y reclamos tur\u00edsticos en diferentes espacios divididos en \u00e1mbitos como la <strong>vida de Madrid, su potencial cultural, su patrimonio hist\u00f3rico y natural, gastronom\u00eda, ocio, deporte, compras y artesan\u00eda.&nbsp;<\/strong><\/p>\n<h2>Fitur 2023: Alcal\u00e1 de Henares<\/h2>\n<p><strong>Alcal\u00e1 de Henares&nbsp;<\/strong>asistir\u00e1 a Fitur con un&nbsp;<strong>estand propio&nbsp;<\/strong>en el que dar\u00e1 a conocer los actos que se sumar\u00e1n a la programaci\u00f3n del <strong>XXV Aniversario <\/strong>de la&nbsp;<strong>declaraci\u00f3n de Alcal\u00e1 de Henares como Patrimonio Mundial de la Humanidad.&nbsp;<\/strong><\/p>\n<p>Tambi\u00e9n se presentar\u00e1n sus <strong>planes de sostenibilidad tur\u00edsticas&nbsp;<\/strong>as\u00ed como la nueva pel\u00edcula promocional de la Semana Santa 2023 que ya ha participado en distintos Festivales Internacionales de Cine.&nbsp;<\/p>\n<p><em>Desde Vida de Madrid publicaremos reportajes diarios desde Fitur 2023 en nuestras cuentas de Twitter e Instagram @vidademadrid.&nbsp;<\/em><\/p>\n<p>&nbsp;<\/p>\n","protected":false},"excerpt":{"rendered":"<p>En total habr\u00e1 755 estands. <\/p>\n","protected":false},"author":15,"featured_media":47614,"comment_status":"open","ping_status":"open","sticky":false,"template":"","format":"standard","meta":{"footnotes":""},"categories":[111],"tags":[],"class_list":{"0":"post-47613","1":"post","2":"type-post","3":"status-publish","4":"format-standard","5":"has-post-thumbnail","7":"category-exposiciones-madrid"},"_links":{"self":[{"href":"https:\/\/www.vidademadrid.com\/es\/wp-json\/wp\/v2\/posts\/47613","targetHints":{"allow":["GET"]}}],"collection":[{"href":"https:\/\/www.vidademadrid.com\/es\/wp-json\/wp\/v2\/posts"}],"about":[{"href":"https:\/\/www.vidademadrid.com\/es\/wp-json\/wp\/v2\/types\/post"}],"author":[{"embeddable":true,"href":"https:\/\/www.vidademadrid.com\/es\/wp-json\/wp\/v2\/users\/15"}],"replies":[{"embeddable":true,"href":"https:\/\/www.vidademadrid.com\/es\/wp-json\/wp\/v2\/comments?post=47613"}],"version-history":[{"count":2,"href":"https:\/\/www.vidademadrid.com\/es\/wp-json\/wp\/v2\/posts\/47613\/revisions"}],"predecessor-version":[{"id":47620,"href":"https:\/\/www.vidademadrid.com\/es\/wp-json\/wp\/v2\/posts\/47613\/revisions\/47620"}],"wp:featuredmedia":[{"embeddable":true,"href":"https:\/\/www.vidademadrid.com\/es\/wp-json\/wp\/v2\/media\/47614"}],"wp:attachment":[{"href":"https:\/\/www.vidademadrid.com\/es\/wp-json\/wp\/v2\/media?parent=47613"}],"wp:term":[{"taxonomy":"category","embeddable":true,"href":"https:\/\/www.vidademadrid.com\/es\/wp-json\/wp\/v2\/categories?post=47613"},{"taxonomy":"post_tag","embeddable":true,"href":"https:\/\/www.vidademadrid.com\/es\/wp-json\/wp\/v2\/tags?post=47613"}],"curies":[{"name":"wp","href":"https:\/\/api.w.org\/{rel}","templated":true}]}}