{"id":47607,"date":"2023-01-17T11:52:31","date_gmt":"2023-01-17T10:52:31","guid":{"rendered":"https:\/\/www.vidademadrid.com\/es\/?p=47607"},"modified":"2023-01-17T17:40:14","modified_gmt":"2023-01-17T16:40:14","slug":"escultura-perro-paco-donde-estas-madrid-2023","status":"publish","type":"post","link":"https:\/\/www.vidademadrid.com\/es\/47607\/escultura-perro-paco-donde-estas-madrid-2023\/","title":{"rendered":"Una escultura del perro Paco, protagonista de cr\u00f3nicas period\u00edsticas, se inaugura en Madrid"},"content":{"rendered":"<p>El&nbsp;<strong>perro Paco,&nbsp;<\/strong>protagonista de cr\u00f3nicas y an\u00e9cdotas period\u00edsticas del siglo XXI, ahora tiene una estatua en Madrid. La estatua de este&nbsp;<strong>ilustre can callejero&nbsp;<\/strong>se ha inaugurado en el marco de la festividad de&nbsp;<strong>San Ant\u00f3n,&nbsp;<\/strong>patr\u00f3n de los animales. Te contamos toda la informaci\u00f3n en este art\u00edculo.&nbsp;<\/p>\n<h2>Estatua del perro Paco&nbsp;<\/h2>\n<p><script async=\"\" src=\"https:\/\/pagead2.googlesyndication.com\/pagead\/js\/adsbygoogle.js\"><\/script> <ins class=\"adsbygoogle\" style=\"display:block\" data-ad-format=\"fluid\" data-ad-layout-key=\"-7f+eo+1+2-5\" data-ad-client=\"ca-pub-7450064428034605\" data-ad-slot=\"7327027071\"><\/ins><script>(adsbygoogle = window.adsbygoogle || []).push({});<\/script>El&nbsp;<strong>alcalde de Madrid,&nbsp;<\/strong>Jos\u00e9 Luis Mart\u00ednez-Almeida, ha inaugurado una estatua que recuerda al&nbsp;<strong>perro Paco,&nbsp;<\/strong>un can que en el siglo XIX que fue&nbsp;<strong>protagonista de numerosas an\u00e9cdotas y cr\u00f3nicas period\u00edsticas.&nbsp;<\/strong><\/p>\n<p>El&nbsp;<strong>perro Paco&nbsp;<\/strong>se hizo famoso por visitar cada tarde el&nbsp;<strong>Caf\u00e9 de Fornos&nbsp;<\/strong>en el que se reun\u00edan ilustres escritores de la \u00e9poca como&nbsp;<strong>Azor\u00edn, Manuel Machado o P\u00edo Baroja.&nbsp;<\/strong>Tambi\u00e9n, fue un acompa\u00f1ante habitual de la nobleza, gracias al marqu\u00e9s de Bogaraya. Sin embargo, su fama creci\u00f3 en la&nbsp;<strong>plaza de toros&nbsp;<\/strong>en la que cada tarde para realizar n\u00famero en el albero que entreten\u00edan a los espectadores y en la que muri\u00f3 por la estocada de un torero. El&nbsp;<strong>perro Paco&nbsp;<\/strong>est\u00e1 enterrado en el&nbsp;<strong>parque de El Retiro.&nbsp;<\/strong><\/p>\n<h2>Estatua del perro Paco: \u00bfD\u00f3nde est\u00e1?&nbsp;<\/h2>\n<p><script async=\"\" src=\"https:\/\/pagead2.googlesyndication.com\/pagead\/js\/adsbygoogle.js\"><\/script> <ins class=\"adsbygoogle\" style=\"display:block; text-align:center;\" data-ad-layout=\"in-article\" data-ad-format=\"fluid\" data-ad-client=\"ca-pub-7450064428034605\" data-ad-slot=\"5670045061\"><\/ins> <script>(adsbygoogle = window.adsbygoogle || []).push({});<\/script>La estatua es de bronce fundido ha sido realizada por el escultor&nbsp;<strong>Rodrigo Romero&nbsp;<\/strong>y representa la \u00abmejor historia del Madrid de finales del siglo XIX\u00bb, de acuerdo con Jos\u00e9 Luis Mart\u00ednez-Almeida, alcalde de Madrid.&nbsp;<\/p>\n<p>La estatua del&nbsp;<strong>perro Paco&nbsp;<\/strong>se encuentra en la&nbsp;<strong>calle Huertas, 71.&nbsp;<\/strong><\/p>\n<p><iframe src=\"https:\/\/www.google.com\/maps\/embed?pb=!1m18!1m12!1m3!1d3037.8015905794346!2d-3.6975070845282927!3d40.41324597936554!2m3!1f0!2f0!3f0!3m2!1i1024!2i768!4f13.1!3m3!1m2!1s0xd4228827fc50b11%3A0xda8e416b46d58606!2sC.%20de%20las%20Huertas%2C%2071%2C%2028014%20Madrid!5e0!3m2!1sen!2ses!4v1673952567040!5m2!1sen!2ses\" width=\"600\" height=\"450\" style=\"border:0;\" allowfullscreen=\"\" loading=\"lazy\" referrerpolicy=\"no-referrer-when-downgrade\"><\/iframe><\/p>\n","protected":false},"excerpt":{"rendered":"<p>Fue protagonista de numerosas an\u00e9cdotas y cr\u00f3nicas. <\/p>\n","protected":false},"author":15,"featured_media":47609,"comment_status":"open","ping_status":"open","sticky":false,"template":"","format":"standard","meta":{"footnotes":""},"categories":[12,119],"tags":[],"class_list":{"0":"post-47607","1":"post","2":"type-post","3":"status-publish","4":"format-standard","5":"has-post-thumbnail","7":"category-actualidad-noticias-madrid","8":"category-portada"},"_links":{"self":[{"href":"https:\/\/www.vidademadrid.com\/es\/wp-json\/wp\/v2\/posts\/47607","targetHints":{"allow":["GET"]}}],"collection":[{"href":"https:\/\/www.vidademadrid.com\/es\/wp-json\/wp\/v2\/posts"}],"about":[{"href":"https:\/\/www.vidademadrid.com\/es\/wp-json\/wp\/v2\/types\/post"}],"author":[{"embeddable":true,"href":"https:\/\/www.vidademadrid.com\/es\/wp-json\/wp\/v2\/users\/15"}],"replies":[{"embeddable":true,"href":"https:\/\/www.vidademadrid.com\/es\/wp-json\/wp\/v2\/comments?post=47607"}],"version-history":[{"count":2,"href":"https:\/\/www.vidademadrid.com\/es\/wp-json\/wp\/v2\/posts\/47607\/revisions"}],"predecessor-version":[{"id":47611,"href":"https:\/\/www.vidademadrid.com\/es\/wp-json\/wp\/v2\/posts\/47607\/revisions\/47611"}],"wp:featuredmedia":[{"embeddable":true,"href":"https:\/\/www.vidademadrid.com\/es\/wp-json\/wp\/v2\/media\/47609"}],"wp:attachment":[{"href":"https:\/\/www.vidademadrid.com\/es\/wp-json\/wp\/v2\/media?parent=47607"}],"wp:term":[{"taxonomy":"category","embeddable":true,"href":"https:\/\/www.vidademadrid.com\/es\/wp-json\/wp\/v2\/categories?post=47607"},{"taxonomy":"post_tag","embeddable":true,"href":"https:\/\/www.vidademadrid.com\/es\/wp-json\/wp\/v2\/tags?post=47607"}],"curies":[{"name":"wp","href":"https:\/\/api.w.org\/{rel}","templated":true}]}}