{"id":47581,"date":"2023-01-16T13:38:35","date_gmt":"2023-01-16T12:38:35","guid":{"rendered":"https:\/\/www.vidademadrid.com\/es\/?p=47581"},"modified":"2023-01-16T18:11:09","modified_gmt":"2023-01-16T17:11:09","slug":"obras-estacion-chamartin-2023-nuevo-vestibulo","status":"publish","type":"post","link":"https:\/\/www.vidademadrid.com\/es\/47581\/obras-estacion-chamartin-2023-nuevo-vestibulo\/","title":{"rendered":"As\u00ed ser\u00e1 el nuevo vest\u00edbulo de la estaci\u00f3n de Chamart\u00edn"},"content":{"rendered":"\n<p>La que ser\u00e1 la nueva y futurista <strong>estaci\u00f3n de Chamart\u00edn<\/strong> tendr\u00e1 muchos cambios, entre ellos: <strong>un gran vest\u00edbulo<\/strong>. En este art\u00edculo te contamos todas las novedades que incluir\u00e1 este espacio de la estaci\u00f3n.<\/p>\n\n\n\n<h2 class=\"wp-block-heading\">Nuevo vest\u00edbulo estaci\u00f3n de Chamart\u00edn<\/h2>\n\n\n\n<script async src=\"https:\/\/pagead2.googlesyndication.com\/pagead\/js\/adsbygoogle.js\"><\/script> <ins class=\"adsbygoogle\"  style=\"display:block\" data-ad-format=\"fluid\" data-ad-layout-key=\"-7f+eo+1+2-5\" data-ad-client=\"ca-pub-7450064428034605\" data-ad-slot=\"7327027071\"><\/ins><script>(adsbygoogle = window.adsbygoogle || []).push({});<\/script>\n\n\n\n\n<p>Uno de los espacios que quedar\u00e1n como nuevos tras las obras de la estaci\u00f3n de Chamart\u00edn ser\u00e1 el <strong>vest\u00edbulo:&nbsp;<\/strong><\/p>\n\n\n\n<ul class=\"wp-block-list\"><li>Se ampliar\u00e1 hacia el norte hasta los <strong>18.000 m2<sup>&nbsp;<\/sup><\/strong>para proporcionar m\u00e1s espacio a Cercan\u00edas (donde encontraremos una zona diferenciada para los viajeros de trayectos urbanos e interurbanos).<\/li><li>Medir\u00e1 <strong>18 m de ancho<\/strong> y contar\u00e1 a un lado con<strong> locales comerciales<\/strong> y, al otro, con las zonas de embarque y espera.<\/li><li>Tendr\u00e1 una nueva pasarela cubierta de <strong>1300 m2<\/strong> (por la que los viajeros acceder\u00e1n a los andenes)&nbsp;<\/li><li>Ser\u00e1 el coraz\u00f3n de la estaci\u00f3n y principal v\u00eda de movimiento de viajeros y ciudadanos<\/li><li>y espera.<\/li><\/ul>\n\n\n\n<p>La remodelaci\u00f3n del vest\u00edbulo no solo aportar\u00e1 mayor capacidad, sino tambi\u00e9n una mejor organizaci\u00f3n de los viajeros: contar\u00e1 con un sistema de control de accesos a trav\u00e9s de tornos en la zona de Cercan\u00edas y su ampliaci\u00f3n hacia el norte lo convertir\u00e1 en un espacio di\u00e1fano y flexible.&nbsp;<\/p>\n\n\n\n<figure class=\"wp-block-image size-large td-caption-align-https:\/\/www.vidademadrid.com\/es\/wp-content\/uploads\/2023\/01\/FmWawC9X0AAkhgY-scaled.jpg\"><a href=\"https:\/\/www.vidademadrid.com\/es\/wp-content\/uploads\/2023\/01\/FmWawC9X0AAkhgY-scaled.jpg\"><img loading=\"lazy\" decoding=\"async\" width=\"1024\" height=\"576\" src=\"https:\/\/www.vidademadrid.com\/es\/wp-content\/uploads\/2023\/01\/FmWawC9X0AAkhgY-1024x576.jpg\" alt=\"\" class=\"wp-image-47587\" srcset=\"https:\/\/www.vidademadrid.com\/es\/wp-content\/uploads\/2023\/01\/FmWawC9X0AAkhgY-1024x576.jpg 1024w, https:\/\/www.vidademadrid.com\/es\/wp-content\/uploads\/2023\/01\/FmWawC9X0AAkhgY-300x169.jpg 300w, https:\/\/www.vidademadrid.com\/es\/wp-content\/uploads\/2023\/01\/FmWawC9X0AAkhgY-768x432.jpg 768w, https:\/\/www.vidademadrid.com\/es\/wp-content\/uploads\/2023\/01\/FmWawC9X0AAkhgY-1536x864.jpg 1536w, https:\/\/www.vidademadrid.com\/es\/wp-content\/uploads\/2023\/01\/FmWawC9X0AAkhgY-2048x1152.jpg 2048w, https:\/\/www.vidademadrid.com\/es\/wp-content\/uploads\/2023\/01\/FmWawC9X0AAkhgY-696x392.jpg 696w, https:\/\/www.vidademadrid.com\/es\/wp-content\/uploads\/2023\/01\/FmWawC9X0AAkhgY-1068x601.jpg 1068w, https:\/\/www.vidademadrid.com\/es\/wp-content\/uploads\/2023\/01\/FmWawC9X0AAkhgY-1920x1080.jpg 1920w, https:\/\/www.vidademadrid.com\/es\/wp-content\/uploads\/2023\/01\/FmWawC9X0AAkhgY-747x420.jpg 747w\" sizes=\"auto, (max-width: 1024px) 100vw, 1024px\" \/><\/a><\/figure>\n\n\n\n<h2 class=\"wp-block-heading\">Obras de transformaci\u00f3n de la estaci\u00f3n de Chamart\u00edn<\/h2>\n\n\n\n<script async src=\"https:\/\/pagead2.googlesyndication.com\/pagead\/js\/adsbygoogle.js\"><\/script> <ins class=\"adsbygoogle\" style=\"display:block; text-align:center;\" data-ad-layout=\"in-article\" data-ad-format=\"fluid\" data-ad-client=\"ca-pub-7450064428034605\" data-ad-slot=\"5670045061\"><\/ins> <script>(adsbygoogle = window.adsbygoogle || []).push({});<\/script>\n\n\n\n\n<p>El vest\u00edbulo ser\u00e1 uno de los grandes cambios que transformar\u00e1n a esta estaci\u00f3n en un espacio futurista y funcional. Conoce todas las novedades de la que ser\u00e1 la nueva estaci\u00f3n de Chamart\u00edn Clara Campoamor en nuestro <a href=\"https:\/\/www.vidademadrid.com\/es\/46861\/nueva-estacion-chamartin-obras-diseno-2022\/\">art\u00edculo<\/a>.<\/p>\n","protected":false},"excerpt":{"rendered":"<p>Con 18.000 m2, locales comerciales y una pasarela cubierta <\/p>\n","protected":false},"author":13,"featured_media":47586,"comment_status":"open","ping_status":"open","sticky":false,"template":"","format":"standard","meta":{"footnotes":""},"categories":[12,119,23],"tags":[],"class_list":{"0":"post-47581","1":"post","2":"type-post","3":"status-publish","4":"format-standard","5":"has-post-thumbnail","7":"category-actualidad-noticias-madrid","8":"category-portada","9":"category-transportes-huelgas-madrid"},"_links":{"self":[{"href":"https:\/\/www.vidademadrid.com\/es\/wp-json\/wp\/v2\/posts\/47581","targetHints":{"allow":["GET"]}}],"collection":[{"href":"https:\/\/www.vidademadrid.com\/es\/wp-json\/wp\/v2\/posts"}],"about":[{"href":"https:\/\/www.vidademadrid.com\/es\/wp-json\/wp\/v2\/types\/post"}],"author":[{"embeddable":true,"href":"https:\/\/www.vidademadrid.com\/es\/wp-json\/wp\/v2\/users\/13"}],"replies":[{"embeddable":true,"href":"https:\/\/www.vidademadrid.com\/es\/wp-json\/wp\/v2\/comments?post=47581"}],"version-history":[{"count":5,"href":"https:\/\/www.vidademadrid.com\/es\/wp-json\/wp\/v2\/posts\/47581\/revisions"}],"predecessor-version":[{"id":47588,"href":"https:\/\/www.vidademadrid.com\/es\/wp-json\/wp\/v2\/posts\/47581\/revisions\/47588"}],"wp:featuredmedia":[{"embeddable":true,"href":"https:\/\/www.vidademadrid.com\/es\/wp-json\/wp\/v2\/media\/47586"}],"wp:attachment":[{"href":"https:\/\/www.vidademadrid.com\/es\/wp-json\/wp\/v2\/media?parent=47581"}],"wp:term":[{"taxonomy":"category","embeddable":true,"href":"https:\/\/www.vidademadrid.com\/es\/wp-json\/wp\/v2\/categories?post=47581"},{"taxonomy":"post_tag","embeddable":true,"href":"https:\/\/www.vidademadrid.com\/es\/wp-json\/wp\/v2\/tags?post=47581"}],"curies":[{"name":"wp","href":"https:\/\/api.w.org\/{rel}","templated":true}]}}