{"id":47577,"date":"2023-01-16T12:29:08","date_gmt":"2023-01-16T11:29:08","guid":{"rendered":"https:\/\/www.vidademadrid.com\/es\/?p=47577"},"modified":"2023-01-16T12:36:10","modified_gmt":"2023-01-16T11:36:10","slug":"cortes-cercanias-madrid-2023-estacion-chamartin","status":"publish","type":"post","link":"https:\/\/www.vidademadrid.com\/es\/47577\/cortes-cercanias-madrid-2023-estacion-chamartin\/","title":{"rendered":"Habr\u00e1 cortes en varias l\u00edneas de Cercan\u00edas a partir de febrero"},"content":{"rendered":"\n<p>Pr\u00f3ximamente la infraestructura de <strong>Cercan\u00edas Madrid<\/strong> comenzar\u00e1 una <strong>nueva fase de trasformaci\u00f3n<\/strong> por lo que habr\u00e1 varios cortes. En este art\u00edculo te contamos qu\u00e9 estaci\u00f3n sufrir\u00e1 este cambio de mejora y las estaciones que se ver\u00e1n afectadas por las obras.<\/p>\n\n\n\n<h2 class=\"wp-block-heading\">Cortes en el Cercan\u00edas Madrid<\/h2>\n\n\n\n<script async=\"\" src=\"https:\/\/pagead2.googlesyndication.com\/pagead\/js\/adsbygoogle.js\"><\/script> <ins class=\"adsbygoogle\" style=\"display:block\" data-ad-format=\"fluid\" data-ad-layout-key=\"-7f+eo+1+2-5\" data-ad-client=\"ca-pub-7450064428034605\" data-ad-slot=\"7327027071\"><\/ins><script>(adsbygoogle = window.adsbygoogle || []).push({});<\/script>\n\n\n\n<p>El pr\u00f3ximo 4 de febrero, Adif comenzar\u00e1 la <strong>nueva fase de obras de Cercan\u00edas Madrid<\/strong>, en concreto, la <a href=\"https:\/\/www.vidademadrid.com\/es\/46861\/nueva-estacion-chamartin-obras-diseno-2022\/\">transformaci\u00f3n de la\u00a0<strong>estaci\u00f3n de Madrid Chamart\u00edn-Clara Campoamor<\/strong><\/a>.<\/p>\n\n\n\n<p>El proceso de mejora se har\u00e1 entre las estaciones de Chamart\u00edn y Nuevos Ministerios (en el t\u00fanel de Sol) y afectar\u00e1 al servicio de varias l\u00edneas de cercan\u00edas: &nbsp;<strong>C-3, C-3a, C-4, C-4a y C-4. <\/strong>Estos cortes, seg\u00fan ha informado Adif, estar\u00e1n presentes al menos hasta diciembre, mes en el que pretenden finalizar con las obras<strong>. <\/strong><strong>&nbsp;<\/strong><\/p>\n\n\n\n<figure class=\"wp-block-embed is-type-rich is-provider-twitter wp-block-embed-twitter\"><div class=\"wp-block-embed__wrapper\">\n<blockquote class=\"twitter-tweet\" data-width=\"550\" data-dnt=\"true\"><p lang=\"es\" dir=\"ltr\">?\u200d\u2642\ufe0f??\u00a0\u00a1Nueva fase en la transformaci\u00f3n de Chamart\u00edn Clara Campoamor! Desde el 4 de febrero, abordamos nuevas actuaciones para consolidar a la estaci\u00f3n como un nodo estrat\u00e9gico de <a href=\"https:\/\/twitter.com\/CercaniasMadrid?ref_src=twsrc%5Etfw\">@CercaniasMadrid<\/a> \u00a1Te contamos los pr\u00f3ximos pasos!\u00a0?\u00a0<a href=\"https:\/\/twitter.com\/hashtag\/Chamart%C3%ADnM%C3%A1sCerca?src=hash&amp;ref_src=twsrc%5Etfw\">#Chamart\u00ednM\u00e1sCerca<\/a> <a href=\"https:\/\/t.co\/r8fSPbATbE\">pic.twitter.com\/r8fSPbATbE<\/a><\/p>&mdash; Adif (@Adif_es) <a href=\"https:\/\/twitter.com\/Adif_es\/status\/1613867645832466433?ref_src=twsrc%5Etfw\">January 13, 2023<\/a><\/blockquote><script async src=\"https:\/\/platform.twitter.com\/widgets.js\" charset=\"utf-8\"><\/script>\n<\/div><\/figure>\n\n\n\n<h2 class=\"wp-block-heading\">Cambios y ampliaci\u00f3n del servicio por las obras<\/h2>\n\n\n\n<script async=\"\" src=\"https:\/\/pagead2.googlesyndication.com\/pagead\/js\/adsbygoogle.js\"><\/script> <ins class=\"adsbygoogle\" style=\"display:block; text-align:center;\" data-ad-layout=\"in-article\" data-ad-format=\"fluid\" data-ad-client=\"ca-pub-7450064428034605\" data-ad-slot=\"5670045061\"><\/ins> <script>(adsbygoogle = window.adsbygoogle || []).push({});<\/script>\n\n\n\n<p>Para mantener a los usuarios contentos y garantizar su movilidad durante el periodo de obras, Renfe ha ideado un <strong>Plan Alternativo de Transporte en las l\u00edneas afectadas<\/strong>:<\/p>\n\n\n\n<ul class=\"wp-block-list\"><li>Los trenes procedentes de Alcobendas-San Sebasti\u00e1n de los Reyes y Colmenar Viejo finalizar\u00e1n servicio en&nbsp;<strong>Chamart\u00edn-Clara Campoamor&nbsp;<\/strong>donde los viajeros podr\u00e1n continuar su recorrido en los trenes que circulan hacia Atocha por el t\u00fanel de Recoletos: l\u00edneas&nbsp;C-1, C-2, C-7, C-8 y C-10<\/li><li>Para los trenes procedentes de Aranjuez y Parla, las estaciones de inicio\/fin de servicio ser\u00e1n&nbsp;<strong>Atocha o Nuevos Ministerios<\/strong>. En ambas estaciones, los viajeros podr\u00e1n continuar su viaje en el resto de servicios de Cercan\u00edas que circulan por el t\u00fanel de Recoletos.<\/li><\/ul>\n\n\n\n<p>Adem\u00e1s, <strong>ha reforzado los servicios con m\u00e1s trenes<\/strong> (+15%) y <strong>m\u00e1s plazas<\/strong> (+6%). Todo ello gracias a la incorporaci\u00f3n de <strong>m\u00e1s personal<\/strong>, un total de 700 profesionales que informar\u00e1n, orientar\u00e1n y guiar\u00e1n a los viajeros. Podr\u00e1s ver toda la info y ampliaci\u00f3n de servicio por l\u00edneas <a href=\"https:\/\/www.renfe.com\/es\/es\/cercanias\/cercanias-madrid\/plan-alternativo-transporte-2023\">aqu\u00ed<\/a>. <\/p>\n","protected":false},"excerpt":{"rendered":"<p>Debido al comienzo de las obras de la estaci\u00f3n de Madrid Chamart\u00edn-Clara Campoamor\u00a0<\/p>\n","protected":false},"author":13,"featured_media":36139,"comment_status":"open","ping_status":"open","sticky":false,"template":"","format":"standard","meta":{"footnotes":""},"categories":[12,23],"tags":[],"class_list":{"0":"post-47577","1":"post","2":"type-post","3":"status-publish","4":"format-standard","5":"has-post-thumbnail","7":"category-actualidad-noticias-madrid","8":"category-transportes-huelgas-madrid"},"_links":{"self":[{"href":"https:\/\/www.vidademadrid.com\/es\/wp-json\/wp\/v2\/posts\/47577","targetHints":{"allow":["GET"]}}],"collection":[{"href":"https:\/\/www.vidademadrid.com\/es\/wp-json\/wp\/v2\/posts"}],"about":[{"href":"https:\/\/www.vidademadrid.com\/es\/wp-json\/wp\/v2\/types\/post"}],"author":[{"embeddable":true,"href":"https:\/\/www.vidademadrid.com\/es\/wp-json\/wp\/v2\/users\/13"}],"replies":[{"embeddable":true,"href":"https:\/\/www.vidademadrid.com\/es\/wp-json\/wp\/v2\/comments?post=47577"}],"version-history":[{"count":3,"href":"https:\/\/www.vidademadrid.com\/es\/wp-json\/wp\/v2\/posts\/47577\/revisions"}],"predecessor-version":[{"id":47580,"href":"https:\/\/www.vidademadrid.com\/es\/wp-json\/wp\/v2\/posts\/47577\/revisions\/47580"}],"wp:featuredmedia":[{"embeddable":true,"href":"https:\/\/www.vidademadrid.com\/es\/wp-json\/wp\/v2\/media\/36139"}],"wp:attachment":[{"href":"https:\/\/www.vidademadrid.com\/es\/wp-json\/wp\/v2\/media?parent=47577"}],"wp:term":[{"taxonomy":"category","embeddable":true,"href":"https:\/\/www.vidademadrid.com\/es\/wp-json\/wp\/v2\/categories?post=47577"},{"taxonomy":"post_tag","embeddable":true,"href":"https:\/\/www.vidademadrid.com\/es\/wp-json\/wp\/v2\/tags?post=47577"}],"curies":[{"name":"wp","href":"https:\/\/api.w.org\/{rel}","templated":true}]}}