{"id":47537,"date":"2023-01-13T12:08:41","date_gmt":"2023-01-13T11:08:41","guid":{"rendered":"https:\/\/www.vidademadrid.com\/es\/?p=47537"},"modified":"2023-01-13T18:44:34","modified_gmt":"2023-01-13T17:44:34","slug":"plan-recuperacion-muralla-madrid-2023","status":"publish","type":"post","link":"https:\/\/www.vidademadrid.com\/es\/47537\/plan-recuperacion-muralla-madrid-2023\/","title":{"rendered":"El Ayuntamiento aprueba el plan de protecci\u00f3n para la Muralla de Madrid"},"content":{"rendered":"<p>El\u00a0<strong>Ayuntamiento de Madrid <\/strong>ha aprobado el\u00a0<strong>plan especial de protecci\u00f3n y puesta en valor de los lienzos\u00a0<\/strong>de las antiguas\u00a0<strong>murallas \u00e1rabe y cristiana de Madrid.\u00a0<\/strong>Uno de sus objetivos es darlos a conocer a la ciudadan\u00eda. Te contamos toda la informaci\u00f3n en este art\u00edculo.<\/p>\n<h2>Aprobaci\u00f3n del plan especial de protecci\u00f3n<\/h2>\n<p><script async=\"\" src=\"https:\/\/pagead2.googlesyndication.com\/pagead\/js\/adsbygoogle.js\"><\/script> <ins class=\"adsbygoogle\" style=\"display: block;\" data-ad-format=\"fluid\" data-ad-layout-key=\"-7f+eo+1+2-5\" data-ad-client=\"ca-pub-7450064428034605\" data-ad-slot=\"7327027071\"><\/ins><script>(adsbygoogle = window.adsbygoogle || []).push({});<\/script>El\u00a0<strong>\u00c1rea de Desarrollo Urbano,\u00a0<\/strong>del Ayuntamiento de Madrid, ha impulsado una iniciativa que busca\u00a0<strong>poner en valor\u00a0<\/strong>los restos de la muralla de Madrid. Esta iniciativa se ha aprobado con un\u00a0<strong>plan especial de protecci\u00f3n\u00a0<\/strong>para las\u00a0<strong>antiguas murallas \u00e1rabes y cristianas.\u00a0<\/strong><\/p>\n<p>Otro objetivo de este plan busca\u00a0<strong>proteger el patrimonio hist\u00f3rico y cultural espa\u00f1ol\u00a0<\/strong>as\u00ed como darlos a conocer a la ciudadan\u00eda, con \u00e1reas que incentivan su uso para ocio.<\/p>\n<h2>Plan de protecci\u00f3n para la muralla de Madrid<\/h2>\n<p><script async=\"\" src=\"https:\/\/pagead2.googlesyndication.com\/pagead\/js\/adsbygoogle.js\"><\/script> <ins class=\"adsbygoogle\" style=\"display: block; text-align: center;\" data-ad-layout=\"in-article\" data-ad-format=\"fluid\" data-ad-client=\"ca-pub-7450064428034605\" data-ad-slot=\"5670045061\"><\/ins> <script>(adsbygoogle = window.adsbygoogle || []).push({});<\/script>El Plan, abarca el \u00c1rea de Planeamiento Remitido Muralla, que ya delimit\u00f3 el\u00a0<strong>Plan General de Ordenaci\u00f3n Urbana de 1997,\u00a0<\/strong>con una superficie de 25.718,19 metros cuadrados y est\u00e1 constituido por\u00a0<strong>tres manzanas discontinuas del casco hist\u00f3rico,\u00a0<\/strong>y lo ampl\u00eda espec\u00edficamente a un \u00e1rea de protecci\u00f3n de la muralla que engloba las manzanas anteriores y las parcelas edificables p\u00fablicas y privadas.<\/p>\n<p>Parte del viario y espacios libres que contienen restos de la\u00a0<strong>antigua muralla de Madrid,\u00a0<\/strong>cuya existencia se ha constatado o se encuentra documentada hist\u00f3ricamente.<\/p>\n<p>La liberaci\u00f3n de los lienzos de la murallas cristiana y \u00e1rabe, embedidas en el caser\u00edo del casco antiguo y espacios libres, incorporando una\u00a0<strong>normativa espec\u00edfica\u00a0<\/strong>para la\u00a0<strong>recuperaci\u00f3n paulatina de los lienzos.\u00a0<\/strong><\/p>\n<p>Se propone la inclusi\u00f3n de las\u00a0<strong>nuevas zonas verdes\u00a0<\/strong>donde existen restos de muralla en el cat\u00e1logo de\u00a0<strong>jardines de inter\u00e9s\u00a0<\/strong>con el\u00a0<strong>nivel 4 de protecci\u00f3n,<\/strong> adem\u00e1s se prev\u00e9 la implantaci\u00f3n de un equipamiento cultural para la <strong>difusi\u00f3n de la muralla.\u00a0<\/strong><\/p>\n<p>Otra de las medidas incluidas es la segregaci\u00f3n de la parcela ubicada en la\u00a0<strong>calle Bail\u00e9n, 12\u00a0<\/strong>para adaptarse a la\u00a0<strong>parcelaci\u00f3n hist\u00f3rica.\u00a0<\/strong><\/p>\n<figure id=\"attachment_47548\" aria-describedby=\"caption-attachment-47548\" style=\"width: 1246px\" class=\"wp-caption alignnone\"><a href=\"https:\/\/www.vidademadrid.com\/es\/wp-content\/uploads\/2023\/01\/planomuralla.jpeg\"><img loading=\"lazy\" decoding=\"async\" class=\"size-full wp-image-47548\" src=\"https:\/\/www.vidademadrid.com\/es\/wp-content\/uploads\/2023\/01\/planomuralla.jpeg\" alt=\"\" width=\"1246\" height=\"853\" srcset=\"https:\/\/www.vidademadrid.com\/es\/wp-content\/uploads\/2023\/01\/planomuralla.jpeg 1246w, https:\/\/www.vidademadrid.com\/es\/wp-content\/uploads\/2023\/01\/planomuralla-300x205.jpeg 300w, https:\/\/www.vidademadrid.com\/es\/wp-content\/uploads\/2023\/01\/planomuralla-1024x701.jpeg 1024w, https:\/\/www.vidademadrid.com\/es\/wp-content\/uploads\/2023\/01\/planomuralla-768x526.jpeg 768w, https:\/\/www.vidademadrid.com\/es\/wp-content\/uploads\/2023\/01\/planomuralla-218x150.jpeg 218w, https:\/\/www.vidademadrid.com\/es\/wp-content\/uploads\/2023\/01\/planomuralla-696x476.jpeg 696w, https:\/\/www.vidademadrid.com\/es\/wp-content\/uploads\/2023\/01\/planomuralla-1068x731.jpeg 1068w, https:\/\/www.vidademadrid.com\/es\/wp-content\/uploads\/2023\/01\/planomuralla-614x420.jpeg 614w\" sizes=\"auto, (max-width: 1246px) 100vw, 1246px\" \/><\/a><figcaption id=\"caption-attachment-47548\" class=\"wp-caption-text\">Foto: Ayuntamiento de Madrid<\/figcaption><\/figure>\n","protected":false},"excerpt":{"rendered":"<p>El objetivo es dar a conocer los lienzos de estas murallas a la ciudadan\u00eda. <\/p>\n","protected":false},"author":15,"featured_media":47538,"comment_status":"open","ping_status":"open","sticky":false,"template":"","format":"standard","meta":{"footnotes":""},"categories":[12],"tags":[],"class_list":{"0":"post-47537","1":"post","2":"type-post","3":"status-publish","4":"format-standard","5":"has-post-thumbnail","7":"category-actualidad-noticias-madrid"},"_links":{"self":[{"href":"https:\/\/www.vidademadrid.com\/es\/wp-json\/wp\/v2\/posts\/47537","targetHints":{"allow":["GET"]}}],"collection":[{"href":"https:\/\/www.vidademadrid.com\/es\/wp-json\/wp\/v2\/posts"}],"about":[{"href":"https:\/\/www.vidademadrid.com\/es\/wp-json\/wp\/v2\/types\/post"}],"author":[{"embeddable":true,"href":"https:\/\/www.vidademadrid.com\/es\/wp-json\/wp\/v2\/users\/15"}],"replies":[{"embeddable":true,"href":"https:\/\/www.vidademadrid.com\/es\/wp-json\/wp\/v2\/comments?post=47537"}],"version-history":[{"count":3,"href":"https:\/\/www.vidademadrid.com\/es\/wp-json\/wp\/v2\/posts\/47537\/revisions"}],"predecessor-version":[{"id":47550,"href":"https:\/\/www.vidademadrid.com\/es\/wp-json\/wp\/v2\/posts\/47537\/revisions\/47550"}],"wp:featuredmedia":[{"embeddable":true,"href":"https:\/\/www.vidademadrid.com\/es\/wp-json\/wp\/v2\/media\/47538"}],"wp:attachment":[{"href":"https:\/\/www.vidademadrid.com\/es\/wp-json\/wp\/v2\/media?parent=47537"}],"wp:term":[{"taxonomy":"category","embeddable":true,"href":"https:\/\/www.vidademadrid.com\/es\/wp-json\/wp\/v2\/categories?post=47537"},{"taxonomy":"post_tag","embeddable":true,"href":"https:\/\/www.vidademadrid.com\/es\/wp-json\/wp\/v2\/tags?post=47537"}],"curies":[{"name":"wp","href":"https:\/\/api.w.org\/{rel}","templated":true}]}}