{"id":47513,"date":"2023-01-12T12:26:57","date_gmt":"2023-01-12T11:26:57","guid":{"rendered":"https:\/\/www.vidademadrid.com\/es\/?p=47513"},"modified":"2023-01-12T12:27:12","modified_gmt":"2023-01-12T11:27:12","slug":"la-cena-idiotas-funciones-teatro-amaya-entradas-2023","status":"publish","type":"post","link":"https:\/\/www.vidademadrid.com\/es\/47513\/la-cena-idiotas-funciones-teatro-amaya-entradas-2023\/","title":{"rendered":"\u00abLa cena de los idiotas\u00bb, la nueva puesta en escena que llega a Madrid \u00a0"},"content":{"rendered":"<p><strong>\u00abLa cena de los idiotas\u00bb&nbsp;<\/strong>llega a la&nbsp;<strong>cartelera madrile\u00f1a&nbsp;<\/strong>para hacer <strong>reflexionar y re\u00edr&nbsp;<\/strong>a los asistentes con su inteligente cr\u00edtica a la sociedad. Te contamos toda la informaci\u00f3n en este art\u00edculo.&nbsp;<\/p>\n<h2>\u00abLa cena de los idiotas\u00bb<\/h2>\n<p><script async=\"\" src=\"https:\/\/pagead2.googlesyndication.com\/pagead\/js\/adsbygoogle.js\"><\/script> <ins class=\"adsbygoogle\" style=\"display:block\" data-ad-format=\"fluid\" data-ad-layout-key=\"-7f+eo+1+2-5\" data-ad-client=\"ca-pub-7450064428034605\" data-ad-slot=\"7327027071\"><\/ins><script>(adsbygoogle = window.adsbygoogle || []).push({});<\/script>Una nueva adaptaci\u00f3n de <strong>\u00abLa cena de los idiotas\u00bb&nbsp;<\/strong>llega la cartelera madrile\u00f1a con una&nbsp;<strong>inteligente cr\u00edtica a una sociedad&nbsp;<\/strong>en la que no es f\u00e1cil saber qui\u00e9n es realmente el idiota.&nbsp;<\/p>\n<p>En <strong>\u00abLa cena de los idiotas\u00bb,&nbsp;<\/strong>Carlos se re\u00fane a cenar todos los martes con sus amigos, que son importantes hombres de negocios. Ellos siempre invitan a \u00abun idiota\u00bb con la \u00fanica pretensi\u00f3n de re\u00edrse de \u00e9l. Pero una noche invitan a Francisco Pi\u00f1\u00f3n y todo saldr\u00e1 al rev\u00e9s de lo previsto.&nbsp;<\/p>\n<p><strong>\u00abLa cena de los idiotas\u00bb&nbsp;<\/strong>es una lecci\u00f3n para los que menosprecian a sus semejantes simplemente porque les parecen inferiores a ellos. Esta puesta en escena est\u00e1 dirigida por <strong>Josema Yuste&nbsp;<\/strong>y protagonizada por&nbsp;<strong>Juanra Bonet, David Fern\u00e1ndez y Agust\u00edn Jimenez.&nbsp;<\/strong><\/p>\n<h2>Ver \u00abLa cena de los idiotas\u00bb&nbsp;<\/h2>\n<p><script async=\"\" src=\"https:\/\/pagead2.googlesyndication.com\/pagead\/js\/adsbygoogle.js\"><\/script> <ins class=\"adsbygoogle\" style=\"display:block; text-align:center;\" data-ad-layout=\"in-article\" data-ad-format=\"fluid\" data-ad-client=\"ca-pub-7450064428034605\" data-ad-slot=\"5670045061\"><\/ins> <script>(adsbygoogle = window.adsbygoogle || []).push({});<\/script><strong>\u00abLa cena de los idiotas\u00bb&nbsp;<\/strong>estar\u00e1 en el <strong>Teatro Amaya&nbsp;<\/strong>(Metro Iglesia) del&nbsp;<strong>19 de enero al 30 de abril del 2023.&nbsp;<\/strong>Habr\u00e1 funciones de <strong>jueves a domingo. <\/strong>Los jueves y viernes ser\u00e1n a las&nbsp;<strong>19 horas;&nbsp;<\/strong>el s\u00e1bado a las&nbsp;<strong>18 y 20.30 horas&nbsp;<\/strong>mientras que los domingos a las&nbsp;<strong>17 y 19.30 horas.&nbsp;<\/strong><\/p>\n<p>Las entradas est\u00e1n ya a la venta en la <a href=\"http:\/\/www.teatroamaya.com\">p\u00e1gina web<\/a> del Teatro Amaya.&nbsp;<\/p>\n","protected":false},"excerpt":{"rendered":"<p>La reflexi\u00f3n y las carcajadas est\u00e1n aseguradas. <\/p>\n","protected":false},"author":15,"featured_media":47514,"comment_status":"open","ping_status":"open","sticky":false,"template":"","format":"standard","meta":{"footnotes":""},"categories":[111],"tags":[],"class_list":{"0":"post-47513","1":"post","2":"type-post","3":"status-publish","4":"format-standard","5":"has-post-thumbnail","7":"category-exposiciones-madrid"},"_links":{"self":[{"href":"https:\/\/www.vidademadrid.com\/es\/wp-json\/wp\/v2\/posts\/47513","targetHints":{"allow":["GET"]}}],"collection":[{"href":"https:\/\/www.vidademadrid.com\/es\/wp-json\/wp\/v2\/posts"}],"about":[{"href":"https:\/\/www.vidademadrid.com\/es\/wp-json\/wp\/v2\/types\/post"}],"author":[{"embeddable":true,"href":"https:\/\/www.vidademadrid.com\/es\/wp-json\/wp\/v2\/users\/15"}],"replies":[{"embeddable":true,"href":"https:\/\/www.vidademadrid.com\/es\/wp-json\/wp\/v2\/comments?post=47513"}],"version-history":[{"count":1,"href":"https:\/\/www.vidademadrid.com\/es\/wp-json\/wp\/v2\/posts\/47513\/revisions"}],"predecessor-version":[{"id":47517,"href":"https:\/\/www.vidademadrid.com\/es\/wp-json\/wp\/v2\/posts\/47513\/revisions\/47517"}],"wp:featuredmedia":[{"embeddable":true,"href":"https:\/\/www.vidademadrid.com\/es\/wp-json\/wp\/v2\/media\/47514"}],"wp:attachment":[{"href":"https:\/\/www.vidademadrid.com\/es\/wp-json\/wp\/v2\/media?parent=47513"}],"wp:term":[{"taxonomy":"category","embeddable":true,"href":"https:\/\/www.vidademadrid.com\/es\/wp-json\/wp\/v2\/categories?post=47513"},{"taxonomy":"post_tag","embeddable":true,"href":"https:\/\/www.vidademadrid.com\/es\/wp-json\/wp\/v2\/tags?post=47513"}],"curies":[{"name":"wp","href":"https:\/\/api.w.org\/{rel}","templated":true}]}}