{"id":47453,"date":"2023-01-10T21:37:46","date_gmt":"2023-01-10T20:37:46","guid":{"rendered":"https:\/\/www.vidademadrid.com\/es\/?p=47453"},"modified":"2023-01-11T09:55:45","modified_gmt":"2023-01-11T08:55:45","slug":"jardines-verticales-m30-madrid-calle-30-natura-2023","status":"publish","type":"post","link":"https:\/\/www.vidademadrid.com\/es\/47453\/jardines-verticales-m30-madrid-calle-30-natura-2023\/","title":{"rendered":"La M-30 se convertir\u00e1 en una nueva zona verde con grandes jardines verticales"},"content":{"rendered":"\n<p>Pr\u00f3ximamente <strong>la M-30 se convertir\u00e1 en una zona verde m\u00e1s del Ayuntamiento de Madrid<\/strong>. Una iniciativa que transformar\u00e1 los muros de la v\u00eda en jardines verticales. Te lo contamos todo en este art\u00edculo.<\/p>\n\n\n\n<h2 class=\"wp-block-heading\">Nuevo proyecto Calle 30 Natura Madrid&nbsp;<\/h2>\n\n\n\n<script async=\"\" src=\"https:\/\/pagead2.googlesyndication.com\/pagead\/js\/adsbygoogle.js\"><\/script> <ins class=\"adsbygoogle\" style=\"display:block\" data-ad-format=\"fluid\" data-ad-layout-key=\"-7f+eo+1+2-5\" data-ad-client=\"ca-pub-7450064428034605\" data-ad-slot=\"7327027071\"><\/ins><script>(adsbygoogle = window.adsbygoogle || []).push({});<\/script>\n\n\n\n<p>El alcalde de Madrid,\u00a0Jos\u00e9 Luis Mart\u00ednez-Almeida, ha anunciado una nueva medida conocida como <strong>Calle 30 Natura. <\/strong>Se trata de una iniciativa que forma parte de la Estrategia de Sostenibilidad Ambiental Madrid 360 y consiste en<strong> cubrir los muros de hormig\u00f3n de la M-30 con grandes jardines verticales lineales<\/strong>. En palabras del alcalde, lo que busca el Ayuntamiento es incorporar m\u00e1s zonas verde a la ciudad y as\u00ed mejorar la calidad del aire y adaptar la capital al cambio clim\u00e1tico.<\/p>\n\n\n\n<h2 class=\"wp-block-heading\">Caracter\u00edsticas de los jardines verticales de la M-30<\/h2>\n\n\n\n<figure class=\"wp-block-image size-large td-caption-align-https:\/\/www.vidademadrid.com\/es\/wp-content\/uploads\/2023\/01\/Captura-de-pantalla-2023-01-10-a-las-21.29.40.png\"><a href=\"https:\/\/www.vidademadrid.com\/es\/wp-content\/uploads\/2023\/01\/Captura-de-pantalla-2023-01-10-a-las-21.29.40.png\"><img loading=\"lazy\" decoding=\"async\" width=\"1024\" height=\"528\" src=\"https:\/\/www.vidademadrid.com\/es\/wp-content\/uploads\/2023\/01\/Captura-de-pantalla-2023-01-10-a-las-21.29.40-1024x528.png\" alt=\"\" class=\"wp-image-47455\" srcset=\"https:\/\/www.vidademadrid.com\/es\/wp-content\/uploads\/2023\/01\/Captura-de-pantalla-2023-01-10-a-las-21.29.40-1024x528.png 1024w, https:\/\/www.vidademadrid.com\/es\/wp-content\/uploads\/2023\/01\/Captura-de-pantalla-2023-01-10-a-las-21.29.40-300x155.png 300w, https:\/\/www.vidademadrid.com\/es\/wp-content\/uploads\/2023\/01\/Captura-de-pantalla-2023-01-10-a-las-21.29.40-768x396.png 768w, https:\/\/www.vidademadrid.com\/es\/wp-content\/uploads\/2023\/01\/Captura-de-pantalla-2023-01-10-a-las-21.29.40-696x359.png 696w, https:\/\/www.vidademadrid.com\/es\/wp-content\/uploads\/2023\/01\/Captura-de-pantalla-2023-01-10-a-las-21.29.40-1068x551.png 1068w, https:\/\/www.vidademadrid.com\/es\/wp-content\/uploads\/2023\/01\/Captura-de-pantalla-2023-01-10-a-las-21.29.40-814x420.png 814w, https:\/\/www.vidademadrid.com\/es\/wp-content\/uploads\/2023\/01\/Captura-de-pantalla-2023-01-10-a-las-21.29.40.png 1246w\" sizes=\"auto, (max-width: 1024px) 100vw, 1024px\" \/><\/a><\/figure>\n\n\n\n<p>Adem\u00e1s de aportar una mejora visual a la v\u00eda, los futuros jardines verticales de la M-30 tendr\u00e1n <strong>sensores de contaminaci\u00f3n<\/strong> que permitir\u00e1n conocer cu\u00e1l es la captaci\u00f3n de contaminantes de los paneles los niveles.<\/p>\n\n\n\n<p>Estos jardines estar\u00e1n formados por <strong>especies de vegetaci\u00f3n funcionales<\/strong>&nbsp;de alta resistencia, poca necesidad de agua y adecuadas para las condiciones que pueda presentar el entorno. Se regar\u00e1n a trav\u00e9s de un sistema de riego automatizado y estar\u00e1n monitorizados para conocer sus condiciones y mantenerlos en el mejor estado.<\/p>\n\n\n\n<h2 class=\"wp-block-heading\">Fechas y fases del proyecto&nbsp;<\/h2>\n\n\n\n<script async=\"\" src=\"https:\/\/pagead2.googlesyndication.com\/pagead\/js\/adsbygoogle.js\"><\/script> <ins class=\"adsbygoogle\" style=\"display:block; text-align:center;\" data-ad-layout=\"in-article\" data-ad-format=\"fluid\" data-ad-client=\"ca-pub-7450064428034605\" data-ad-slot=\"5670045061\"><\/ins> <script>(adsbygoogle = window.adsbygoogle || []).push({});<\/script>\n\n\n\n<p>Y\u2026 <strong>\u00bfCu\u00e1ndo podremos ver la M-30 de color verde?<\/strong> El proyecto Calle 30 Natura se va a desarrollar por fases:<\/p>\n\n\n\n<p>1\u00ba La primera fase ser\u00e1 esta segunda semana de enero de 2023: en la que se va a llevar a cabo un proyecto piloto que cubrir\u00e1 de vegetal los muros de 400 metros de longitud de la M-30 que se sit\u00faan entre la glorieta de Mariano Salvador Maella y la glorieta de Nueva Zelanda.<\/p>\n\n\n\n<p>2\u00ba En 2024 comenzar\u00e1 la segunda fase y con ella la transformaci\u00f3n de los 100.000 metros cuadrados de hormig\u00f3n de la v\u00eda en vegetal.<\/p>\n\n\n\n<p>Seguiremos pendientes a nuevas noticias y novedades del proyecto que sin duda dar\u00e1n vida a esta principal v\u00eda madrile\u00f1a.&nbsp;<\/p>\n","protected":false},"excerpt":{"rendered":"<p>Una iniciativa que forma parte del nuevo proyecto Calle 30 Natura<\/p>\n","protected":false},"author":13,"featured_media":47456,"comment_status":"open","ping_status":"open","sticky":false,"template":"","format":"standard","meta":{"footnotes":""},"categories":[12],"tags":[],"class_list":{"0":"post-47453","1":"post","2":"type-post","3":"status-publish","4":"format-standard","5":"has-post-thumbnail","7":"category-actualidad-noticias-madrid"},"_links":{"self":[{"href":"https:\/\/www.vidademadrid.com\/es\/wp-json\/wp\/v2\/posts\/47453","targetHints":{"allow":["GET"]}}],"collection":[{"href":"https:\/\/www.vidademadrid.com\/es\/wp-json\/wp\/v2\/posts"}],"about":[{"href":"https:\/\/www.vidademadrid.com\/es\/wp-json\/wp\/v2\/types\/post"}],"author":[{"embeddable":true,"href":"https:\/\/www.vidademadrid.com\/es\/wp-json\/wp\/v2\/users\/13"}],"replies":[{"embeddable":true,"href":"https:\/\/www.vidademadrid.com\/es\/wp-json\/wp\/v2\/comments?post=47453"}],"version-history":[{"count":4,"href":"https:\/\/www.vidademadrid.com\/es\/wp-json\/wp\/v2\/posts\/47453\/revisions"}],"predecessor-version":[{"id":47461,"href":"https:\/\/www.vidademadrid.com\/es\/wp-json\/wp\/v2\/posts\/47453\/revisions\/47461"}],"wp:featuredmedia":[{"embeddable":true,"href":"https:\/\/www.vidademadrid.com\/es\/wp-json\/wp\/v2\/media\/47456"}],"wp:attachment":[{"href":"https:\/\/www.vidademadrid.com\/es\/wp-json\/wp\/v2\/media?parent=47453"}],"wp:term":[{"taxonomy":"category","embeddable":true,"href":"https:\/\/www.vidademadrid.com\/es\/wp-json\/wp\/v2\/categories?post=47453"},{"taxonomy":"post_tag","embeddable":true,"href":"https:\/\/www.vidademadrid.com\/es\/wp-json\/wp\/v2\/tags?post=47453"}],"curies":[{"name":"wp","href":"https:\/\/api.w.org\/{rel}","templated":true}]}}