{"id":47440,"date":"2023-01-10T11:58:21","date_gmt":"2023-01-10T10:58:21","guid":{"rendered":"https:\/\/www.vidademadrid.com\/es\/?p=47440"},"modified":"2023-01-10T13:12:55","modified_gmt":"2023-01-10T12:12:55","slug":"loreal-espana-madrid-nueva-sede-distrito-innovacion","status":"publish","type":"post","link":"https:\/\/www.vidademadrid.com\/es\/47440\/loreal-espana-madrid-nueva-sede-distrito-innovacion\/","title":{"rendered":"As\u00ed es la nueva sede de L&#8217;Or\u00e9al Espa\u00f1a en Madrid para m\u00e1s de 1000 empleados"},"content":{"rendered":"\n<p>La <strong>empresa francesa de cosm\u00e9ticos<\/strong> ha abierto las puertas de su nueva sede. Un espacio de casi <strong>20.000 m2<\/strong> y en el <strong>nuevo distrito de la innovaci\u00f3n<\/strong>. En este art\u00edculo te contamos todo sobre este nuevo proyecto.<\/p>\n\n\n\n<h2 class=\"wp-block-heading\">Nueva sede de L\u2019Or\u00e9al en Madrid<\/h2>\n\n\n\n<script async=\"\" src=\"https:\/\/pagead2.googlesyndication.com\/pagead\/js\/adsbygoogle.js\"><\/script> <ins class=\"adsbygoogle\" style=\"display:block\" data-ad-format=\"fluid\" data-ad-layout-key=\"-7f+eo+1+2-5\" data-ad-client=\"ca-pub-7450064428034605\" data-ad-slot=\"7327027071\"><\/ins><script>(adsbygoogle = window.adsbygoogle || []).push({});<\/script>\n\n\n\n<p>Esta nueva gran sede que ha abierto L\u2019Or\u00e9al cuenta <strong>con casi 20.000 m2 y una capacidad para m\u00e1s de 1.170 empleados<\/strong>. Est\u00e1 ubicada en el nuevo distrito de la innovaci\u00f3n, tambi\u00e9n conocido como Madbit, concretamente en la <strong>calle Alcal\u00e1 546<\/strong>, al lado del parque Quinta de Torre Arias. Una zona donde se encuentran las oficinas de otras empresas como\u00a0Roche, PRISA Indra, Santa Luc\u00eda, Pelayo, Telef\u00f3nica, Ferrovial, Dragados (ACS), IBM entre otras.<\/p>\n\n\n\n<p>Detr\u00e1s de esta apertura se encuentran BNP Paribas Real Estate Property Development, y&nbsp; Therus Invest y el responsable de la estructura y dise\u00f1o de la parte interior del edificio ha sido la consultora inmobiliaria Savills.<\/p>\n\n\n\n<h2 class=\"wp-block-heading\">&nbsp;Caracter\u00edsticas del nuevo edificio L\u2019Or\u00e9al en Madrid<\/h2>\n\n\n\n<script async=\"\" src=\"https:\/\/pagead2.googlesyndication.com\/pagead\/js\/adsbygoogle.js\"><\/script> <ins class=\"adsbygoogle\" style=\"display:block; text-align:center;\" data-ad-layout=\"in-article\" data-ad-format=\"fluid\" data-ad-client=\"ca-pub-7450064428034605\" data-ad-slot=\"5670045061\"><\/ins> <script>(adsbygoogle = window.adsbygoogle || []).push({});<\/script>\n\n\n\n<p>Este nuevo edificio gestionado por el estudio de arquitectura Fenwick Iribarren cuenta con dos s\u00f3tanos de aparcamiento, un semis\u00f3tano, planta baja, cuatro alturas y una cubierta. Adem\u00e1s seg\u00fan anunci\u00f3 la empresa en un comunicado su <strong>objetivo principal<\/strong> con esta nueva sede es \u00abseguir unos estrictos criterios medioambientales, tecnol\u00f3gicos y de bienestar para todos los empleado\u00bb. En esta l\u00ednea, ha incorporado:&nbsp;<\/p>\n\n\n\n<ul class=\"wp-block-list\"><li><strong>sistemas de eficiencia energ\u00e9tica<\/strong> para la regulaci\u00f3n de la temperatura<\/li><li><strong>luces LED de bajo consumo<\/strong> que se apagan cuando no hay nadie en la sala&nbsp;<\/li><li>instalaci\u00f3n de <strong>placas solares<\/strong> para producir energ\u00eda fotovoltaica que da suministro a todos los servicios de zonas comunes<\/li><li><strong>130 cargadores<\/strong> r\u00e1pidos para <strong>veh\u00edculos el\u00e9ctricos o h\u00edbridos enchufables<\/strong><\/li><\/ul>\n\n\n\n<p>Adem\u00e1s, entre sus instalaciones tambi\u00e9n incluye: un&nbsp;nuevo&nbsp;<strong>gimnasio<\/strong>, una&nbsp;<strong>sala de lactancia,&nbsp;<\/strong>&nbsp;un&nbsp;<strong><em>beauty corner<\/em>&nbsp;<\/strong>que funciona como un&nbsp;<strong>centro de belleza<\/strong>&nbsp;con servicios de peluquer\u00eda para empleados) y una&nbsp;<strong>boutique<\/strong>&nbsp;con oferta de productos tanto para empleados como para posibles invitados que se pasen por la sede.&nbsp;<\/p>\n\n\n<div class=\"wp-block-image\">\n<figure class=\"aligncenter\"><a href=\"https:\/\/www.vidademadrid.com\/es\/wp-content\/uploads\/2023\/01\/LOreal-zona-cafe.jpg\"><img loading=\"lazy\" decoding=\"async\" width=\"1200\" height=\"655\" src=\"https:\/\/www.vidademadrid.com\/es\/wp-content\/uploads\/2023\/01\/LOreal-zona-cafe.jpg\" alt=\"\" class=\"wp-image-47442\" srcset=\"https:\/\/www.vidademadrid.com\/es\/wp-content\/uploads\/2023\/01\/LOreal-zona-cafe.jpg 1200w, https:\/\/www.vidademadrid.com\/es\/wp-content\/uploads\/2023\/01\/LOreal-zona-cafe-300x164.jpg 300w, https:\/\/www.vidademadrid.com\/es\/wp-content\/uploads\/2023\/01\/LOreal-zona-cafe-1024x559.jpg 1024w, https:\/\/www.vidademadrid.com\/es\/wp-content\/uploads\/2023\/01\/LOreal-zona-cafe-768x419.jpg 768w, https:\/\/www.vidademadrid.com\/es\/wp-content\/uploads\/2023\/01\/LOreal-zona-cafe-696x380.jpg 696w, https:\/\/www.vidademadrid.com\/es\/wp-content\/uploads\/2023\/01\/LOreal-zona-cafe-1068x583.jpg 1068w, https:\/\/www.vidademadrid.com\/es\/wp-content\/uploads\/2023\/01\/LOreal-zona-cafe-769x420.jpg 769w\" sizes=\"auto, (max-width: 1200px) 100vw, 1200px\" \/><\/a><figcaption>Zona cafeter\u00eda nueva sede L&#8217;Or\u00e9al Madrid<\/figcaption><\/figure><\/div>","protected":false},"excerpt":{"rendered":"<p>Con casi 20.000 m2 y muchas novedades en su interior <\/p>\n","protected":false},"author":13,"featured_media":47443,"comment_status":"open","ping_status":"open","sticky":false,"template":"","format":"standard","meta":{"footnotes":""},"categories":[12],"tags":[],"class_list":{"0":"post-47440","1":"post","2":"type-post","3":"status-publish","4":"format-standard","5":"has-post-thumbnail","7":"category-actualidad-noticias-madrid"},"_links":{"self":[{"href":"https:\/\/www.vidademadrid.com\/es\/wp-json\/wp\/v2\/posts\/47440","targetHints":{"allow":["GET"]}}],"collection":[{"href":"https:\/\/www.vidademadrid.com\/es\/wp-json\/wp\/v2\/posts"}],"about":[{"href":"https:\/\/www.vidademadrid.com\/es\/wp-json\/wp\/v2\/types\/post"}],"author":[{"embeddable":true,"href":"https:\/\/www.vidademadrid.com\/es\/wp-json\/wp\/v2\/users\/13"}],"replies":[{"embeddable":true,"href":"https:\/\/www.vidademadrid.com\/es\/wp-json\/wp\/v2\/comments?post=47440"}],"version-history":[{"count":2,"href":"https:\/\/www.vidademadrid.com\/es\/wp-json\/wp\/v2\/posts\/47440\/revisions"}],"predecessor-version":[{"id":47452,"href":"https:\/\/www.vidademadrid.com\/es\/wp-json\/wp\/v2\/posts\/47440\/revisions\/47452"}],"wp:featuredmedia":[{"embeddable":true,"href":"https:\/\/www.vidademadrid.com\/es\/wp-json\/wp\/v2\/media\/47443"}],"wp:attachment":[{"href":"https:\/\/www.vidademadrid.com\/es\/wp-json\/wp\/v2\/media?parent=47440"}],"wp:term":[{"taxonomy":"category","embeddable":true,"href":"https:\/\/www.vidademadrid.com\/es\/wp-json\/wp\/v2\/categories?post=47440"},{"taxonomy":"post_tag","embeddable":true,"href":"https:\/\/www.vidademadrid.com\/es\/wp-json\/wp\/v2\/tags?post=47440"}],"curies":[{"name":"wp","href":"https:\/\/api.w.org\/{rel}","templated":true}]}}