{"id":47398,"date":"2023-01-09T14:37:53","date_gmt":"2023-01-09T13:37:53","guid":{"rendered":"https:\/\/www.vidademadrid.com\/es\/?p=47398"},"modified":"2023-01-09T16:47:04","modified_gmt":"2023-01-09T15:47:04","slug":"prohibicion-fiestas-parque-retiro-2023","status":"publish","type":"post","link":"https:\/\/www.vidademadrid.com\/es\/47398\/prohibicion-fiestas-parque-retiro-2023\/","title":{"rendered":"Prohibido celebrar fiestas de cumplea\u00f1os en el Parque del Retiro"},"content":{"rendered":"<p>El&nbsp;<strong>Parque del Retiro,&nbsp;<\/strong>un favorito de los madrile\u00f1os y turistas, busca mejorar la experiencia de sus visitantes. A m\u00e1s de un a\u00f1o de haber sido declarado&nbsp;<strong>Patrimonio Mundial de la Unesco,&nbsp;<\/strong>se ha lanzado una encuesta para conocer la percepci\u00f3n de los usuarios. Te contamos toda la informaci\u00f3n en este art\u00edculo.&nbsp;<\/p>\n<h2>Lo m\u00e1s molesto: fiestas de cumplea\u00f1os y altavoces con m\u00fasica&nbsp;<\/h2>\n<p><script async=\"\" src=\"https:\/\/pagead2.googlesyndication.com\/pagead\/js\/adsbygoogle.js\"><\/script> <ins class=\"adsbygoogle\" style=\"display:block\" data-ad-format=\"fluid\" data-ad-layout-key=\"-7f+eo+1+2-5\" data-ad-client=\"ca-pub-7450064428034605\" data-ad-slot=\"7327027071\"><\/ins><script>(adsbygoogle = window.adsbygoogle || []).push({});<\/script>La&nbsp;<strong>Megaencuesta RetiroExperience,<\/strong> realizada por Retiro Experience, la han respondido m\u00e1s de <strong>700 personas, <\/strong>la mayor\u00eda conocedoras del&nbsp;<strong>Parque del Retiro&nbsp;<\/strong>y han compartido sus opiniones respecto a su experiencia en el parque.&nbsp;<\/p>\n<p>La encuesta se divide en temas de limpieza, jardiner\u00eda, servicios, normas de uso y usos problem\u00e1ticos. En cuanto a los&nbsp;<strong>usos problem\u00e1ticos&nbsp;<\/strong>de las instalaciones del Parque del Retiro, el&nbsp;<strong>15%&nbsp;<\/strong>de las respuestas mencionan la&nbsp;<strong>m\u00fasica con altavoces&nbsp;<\/strong>como la pr\u00e1ctica m\u00e1s molesta para los dem\u00e1s usuarios, seguida por las <strong>fiestas de cumplea\u00f1os en el c\u00e9sped,&nbsp;<\/strong>que han obtenido un&nbsp;<strong>12%<\/strong>.<\/p>\n<h2>Las fiestas de cumplea\u00f1os est\u00e1n prohibidas en el Retiro&nbsp;<\/h2>\n<p><script async=\"\" src=\"https:\/\/pagead2.googlesyndication.com\/pagead\/js\/adsbygoogle.js\"><\/script> <ins class=\"adsbygoogle\" style=\"display:block; text-align:center;\" data-ad-layout=\"in-article\" data-ad-format=\"fluid\" data-ad-client=\"ca-pub-7450064428034605\" data-ad-slot=\"5670045061\"><\/ins> <script>(adsbygoogle = window.adsbygoogle || []).push({});<\/script>Tras la publicaci\u00f3n de los resultados de la&nbsp;<strong>encuesta de RetiroExperience,&nbsp;<\/strong>el delegado de Medio Ambiente y Movilidad del Ayuntamiento de Madrid,&nbsp;<strong>Borja Escalante&nbsp;<\/strong>ha recordado en Telemadrid, que las <strong>fiestas de cumplea\u00f1os est\u00e1n prohibidas en el parque del Retiro.&nbsp;<\/strong><\/p>\n<p>Puedes consultar la encuesta completa en este <a href=\"https:\/\/antonellodellanotte.com\/megaencuesta-el-retiro-retiroexperience\/results\/\">enlace<\/a>.&nbsp;<\/p>\n","protected":false},"excerpt":{"rendered":"<p>El uso de altavoces tambi\u00e9n es una molestia para los usuarios. <\/p>\n","protected":false},"author":15,"featured_media":47399,"comment_status":"open","ping_status":"open","sticky":false,"template":"","format":"standard","meta":{"footnotes":""},"categories":[12,187],"tags":[],"class_list":{"0":"post-47398","1":"post","2":"type-post","3":"status-publish","4":"format-standard","5":"has-post-thumbnail","7":"category-actualidad-noticias-madrid","8":"category-madrid-hoy"},"_links":{"self":[{"href":"https:\/\/www.vidademadrid.com\/es\/wp-json\/wp\/v2\/posts\/47398","targetHints":{"allow":["GET"]}}],"collection":[{"href":"https:\/\/www.vidademadrid.com\/es\/wp-json\/wp\/v2\/posts"}],"about":[{"href":"https:\/\/www.vidademadrid.com\/es\/wp-json\/wp\/v2\/types\/post"}],"author":[{"embeddable":true,"href":"https:\/\/www.vidademadrid.com\/es\/wp-json\/wp\/v2\/users\/15"}],"replies":[{"embeddable":true,"href":"https:\/\/www.vidademadrid.com\/es\/wp-json\/wp\/v2\/comments?post=47398"}],"version-history":[{"count":2,"href":"https:\/\/www.vidademadrid.com\/es\/wp-json\/wp\/v2\/posts\/47398\/revisions"}],"predecessor-version":[{"id":47408,"href":"https:\/\/www.vidademadrid.com\/es\/wp-json\/wp\/v2\/posts\/47398\/revisions\/47408"}],"wp:featuredmedia":[{"embeddable":true,"href":"https:\/\/www.vidademadrid.com\/es\/wp-json\/wp\/v2\/media\/47399"}],"wp:attachment":[{"href":"https:\/\/www.vidademadrid.com\/es\/wp-json\/wp\/v2\/media?parent=47398"}],"wp:term":[{"taxonomy":"category","embeddable":true,"href":"https:\/\/www.vidademadrid.com\/es\/wp-json\/wp\/v2\/categories?post=47398"},{"taxonomy":"post_tag","embeddable":true,"href":"https:\/\/www.vidademadrid.com\/es\/wp-json\/wp\/v2\/tags?post=47398"}],"curies":[{"name":"wp","href":"https:\/\/api.w.org\/{rel}","templated":true}]}}