{"id":47362,"date":"2023-01-04T15:51:45","date_gmt":"2023-01-04T14:51:45","guid":{"rendered":"https:\/\/www.vidademadrid.com\/es\/?p=47362"},"modified":"2023-01-05T22:45:36","modified_gmt":"2023-01-05T21:45:36","slug":"espectaculo-aereo-peter-pan-cabalgata-torrejon-de-ardoz-2023","status":"publish","type":"post","link":"https:\/\/www.vidademadrid.com\/es\/47362\/espectaculo-aereo-peter-pan-cabalgata-torrejon-de-ardoz-2023\/","title":{"rendered":"Peter Pan sobrevolar\u00e1 el cielo tras la cabalgata de Torrej\u00f3n 2023"},"content":{"rendered":"\n<p>La <strong>cabalgata de Torrej\u00f3n de Ardoz<\/strong> nos sorprende este a\u00f1o 2023 con un novedoso espect\u00e1culo en el que podremos ver a Peter Pan acompa\u00f1ado de otros personajes sobrevolar la Plaza Mayor. En este art\u00edculo te contamos todo sobre este m\u00e1gico momento.<\/p>\n\n\n\n<h2 class=\"wp-block-heading\">Espect\u00e1culo de Peter Pan en la cabalgata de Torrej\u00f3n 2023<\/h2>\n\n\n\n<script async src=\"https:\/\/pagead2.googlesyndication.com\/pagead\/js\/adsbygoogle.js\"><\/script> <ins class=\"adsbygoogle\"  style=\"display:block\" data-ad-format=\"fluid\" data-ad-layout-key=\"-7f+eo+1+2-5\" data-ad-client=\"ca-pub-7450064428034605\" data-ad-slot=\"7327027071\"><\/ins><script>(adsbygoogle = window.adsbygoogle || []).push({});<\/script>\n\n\n\n\n<p>Este a\u00f1o 2023 la <strong>cabalgata de Torrej\u00f3n de Ardoz<\/strong>, considerada una de las mejores de la Comunidad de Madrid junto con la de la capital, nos sorprende con un nuevo espect\u00e1culo dirigido por la compa\u00f1\u00eda internacional Grupo Puja. Se trata de una <strong>exhibici\u00f3n a\u00e9rea sobre Peter Pan<\/strong> que estar\u00e1 acompa\u00f1ado de otros personales como Campanilla, el Capit\u00e1n Garfio y sus piratas. Ser\u00e1n <strong>un total de 11 actores<\/strong> los que, una vez terminado el desfile, sobrevuelen el cielo de la Plaza Mayor de Torrej\u00f3n <strong>sobre las 20.30h<\/strong>. \u00a0<\/p>\n\n\n\n<h2 class=\"wp-block-heading\">Cabalgata de Torrej\u00f3n 2023<\/h2>\n\n\n\n<script async src=\"https:\/\/pagead2.googlesyndication.com\/pagead\/js\/adsbygoogle.js\"><\/script> <ins class=\"adsbygoogle\" style=\"display:block; text-align:center;\" data-ad-layout=\"in-article\" data-ad-format=\"fluid\" data-ad-client=\"ca-pub-7450064428034605\" data-ad-slot=\"5670045061\"><\/ins> <script>(adsbygoogle = window.adsbygoogle || []).push({});<\/script>\n\n\n\n\n<p>La cabalgata de luz de Torrej\u00f3n <strong>comenzar\u00e1 a las 18 h<\/strong> y <strong>contar\u00e1 con 18 carrozas y 23 pasacalles<\/strong> que lanzar\u00e1n 7.000 kilos de de caramelos (blandos y sin gluten).<\/p>\n\n\n\n<p>Partir\u00e1 del barrio Zarzuela-Soto del Henares y recorrer\u00e1 la Avenida de la Constituci\u00f3n hasta llegar a la Plaza Mayor. Los Reyes Magos llegar\u00e1n a su destino en sus carrozas sobre las 20.30 h, momento en el que ser\u00e1n recibidos por el alcalde que dar\u00e1 paso al espect\u00e1culo a\u00e9reo de Peter Pan.<\/p>\n","protected":false},"excerpt":{"rendered":"<p>Un espect\u00e1culo que contar\u00e1 con un total de 11 actores <\/p>\n","protected":false},"author":13,"featured_media":47364,"comment_status":"open","ping_status":"open","sticky":false,"template":"","format":"standard","meta":{"footnotes":""},"categories":[101,3],"tags":[],"class_list":{"0":"post-47362","1":"post","2":"type-post","3":"status-publish","4":"format-standard","5":"has-post-thumbnail","7":"category-ferias-fiestas-mercados-madrid","8":"category-visita-madrid"},"_links":{"self":[{"href":"https:\/\/www.vidademadrid.com\/es\/wp-json\/wp\/v2\/posts\/47362","targetHints":{"allow":["GET"]}}],"collection":[{"href":"https:\/\/www.vidademadrid.com\/es\/wp-json\/wp\/v2\/posts"}],"about":[{"href":"https:\/\/www.vidademadrid.com\/es\/wp-json\/wp\/v2\/types\/post"}],"author":[{"embeddable":true,"href":"https:\/\/www.vidademadrid.com\/es\/wp-json\/wp\/v2\/users\/13"}],"replies":[{"embeddable":true,"href":"https:\/\/www.vidademadrid.com\/es\/wp-json\/wp\/v2\/comments?post=47362"}],"version-history":[{"count":2,"href":"https:\/\/www.vidademadrid.com\/es\/wp-json\/wp\/v2\/posts\/47362\/revisions"}],"predecessor-version":[{"id":47365,"href":"https:\/\/www.vidademadrid.com\/es\/wp-json\/wp\/v2\/posts\/47362\/revisions\/47365"}],"wp:featuredmedia":[{"embeddable":true,"href":"https:\/\/www.vidademadrid.com\/es\/wp-json\/wp\/v2\/media\/47364"}],"wp:attachment":[{"href":"https:\/\/www.vidademadrid.com\/es\/wp-json\/wp\/v2\/media?parent=47362"}],"wp:term":[{"taxonomy":"category","embeddable":true,"href":"https:\/\/www.vidademadrid.com\/es\/wp-json\/wp\/v2\/categories?post=47362"},{"taxonomy":"post_tag","embeddable":true,"href":"https:\/\/www.vidademadrid.com\/es\/wp-json\/wp\/v2\/tags?post=47362"}],"curies":[{"name":"wp","href":"https:\/\/api.w.org\/{rel}","templated":true}]}}