{"id":47298,"date":"2023-01-03T11:23:22","date_gmt":"2023-01-03T10:23:22","guid":{"rendered":"https:\/\/www.vidademadrid.com\/es\/?p=47298"},"modified":"2023-05-24T11:10:45","modified_gmt":"2023-05-24T09:10:45","slug":"picasso-greco-exposicion-temporal-museo-prado-2023","status":"publish","type":"post","link":"https:\/\/www.vidademadrid.com\/es\/47298\/picasso-greco-exposicion-temporal-museo-prado-2023\/","title":{"rendered":"\u00abPicasso &#8211; El Greco\u00bb, la nueva exposici\u00f3n temporal del Museo del Prado"},"content":{"rendered":"<p>El\u00a0<strong>Museo del Prado\u00a0<\/strong>tiene una nueva\u00a0<strong>exposici\u00f3n temporal\u00a0<\/strong>en la que intercalar\u00e1 las obras de <strong>Picasso y El Greco, <\/strong>con el motivo del <strong>50\u00ba aniversario del fallecimiento<\/strong> del pintor malague\u00f1o. Te contamos toda la informaci\u00f3n en este art\u00edculo.\u00a0<\/p>\n<h2>\u00abPicasso &#8211; El Greco\u00bb<\/h2>\n<p><script async=\"\" src=\"https:\/\/pagead2.googlesyndication.com\/pagead\/js\/adsbygoogle.js\"><\/script> <ins class=\"adsbygoogle\" style=\"display: block;\" data-ad-format=\"fluid\" data-ad-layout-key=\"-7f+eo+1+2-5\" data-ad-client=\"ca-pub-7450064428034605\" data-ad-slot=\"7327027071\"><\/ins><script>(adsbygoogle = window.adsbygoogle || []).push({});<\/script><\/p>\n<p>Este 2023 se cumplen\u00a0<strong>50 a\u00f1os\u00a0<\/strong>del\u00a0<strong>fallecimiento de Pablo Picasso\u00a0<\/strong>y el\u00a0<strong>Museo del Prado\u00a0<\/strong>tendr\u00e1 una\u00a0<strong>exposici\u00f3n temporal\u00a0<\/strong>en la que intercalar\u00e1\u00a0<strong>pinturas\u00a0<\/strong>del artista malague\u00f1o con las de\u00a0<strong>El Greco,\u00a0<\/strong>una de sus principales influencias.\u00a0<\/p>\n<p>Esta muestra, est\u00e1 comisariada por Carmen Gim\u00e9nez y explora las referencias que\u00a0<strong>Picasso\u00a0<\/strong>obtuvo del trabajo del\u00a0<strong>creador griego\u00a0<\/strong>con el objetivo de entender mejor el\u00a0<strong>periodo azul y el cubismo\u00a0<\/strong>de la carrera de <strong>Pablo Picasso.\u00a0<\/strong><\/p>\n<h2>Visita la exposici\u00f3n\u00a0<\/h2>\n<p><script async=\"\" src=\"https:\/\/pagead2.googlesyndication.com\/pagead\/js\/adsbygoogle.js\"><\/script> <ins class=\"adsbygoogle\" style=\"display: block; text-align: center;\" data-ad-layout=\"in-article\" data-ad-format=\"fluid\" data-ad-client=\"ca-pub-7450064428034605\" data-ad-slot=\"5670045061\"><\/ins> <script>(adsbygoogle = window.adsbygoogle || []).push({});<\/script><\/p>\n<p>La exposici\u00f3n <strong>\u00abPicasso &#8211; El Greco\u00bb\u00a0<\/strong>se podr\u00e1 visitar en el <strong>Museo del Prado<\/strong> (Metro Banco de Espa\u00f1a \/ Estaci\u00f3n del Arte) del <strong>13 de junio al 17 de septiembre del 2023.\u00a0<\/strong><\/p>\n<p>El horario de visita es de\u00a0<strong>lunes a s\u00e1bado\u00a0<\/strong>de\u00a0<strong>10 a 20 horas\u00a0<\/strong>y los\u00a0<strong>domingos\u00a0<\/strong>de\u00a0<strong>10 a 17 horas.\u00a0<\/strong><\/p>\n\n\n<p><\/p>\n","protected":false},"excerpt":{"rendered":"<p>Con motivo del 50\u00ba del fallecimiento de Picasso. <\/p>\n","protected":false},"author":15,"featured_media":47299,"comment_status":"open","ping_status":"open","sticky":false,"template":"","format":"standard","meta":{"footnotes":""},"categories":[111],"tags":[],"class_list":{"0":"post-47298","1":"post","2":"type-post","3":"status-publish","4":"format-standard","5":"has-post-thumbnail","7":"category-exposiciones-madrid"},"_links":{"self":[{"href":"https:\/\/www.vidademadrid.com\/es\/wp-json\/wp\/v2\/posts\/47298","targetHints":{"allow":["GET"]}}],"collection":[{"href":"https:\/\/www.vidademadrid.com\/es\/wp-json\/wp\/v2\/posts"}],"about":[{"href":"https:\/\/www.vidademadrid.com\/es\/wp-json\/wp\/v2\/types\/post"}],"author":[{"embeddable":true,"href":"https:\/\/www.vidademadrid.com\/es\/wp-json\/wp\/v2\/users\/15"}],"replies":[{"embeddable":true,"href":"https:\/\/www.vidademadrid.com\/es\/wp-json\/wp\/v2\/comments?post=47298"}],"version-history":[{"count":2,"href":"https:\/\/www.vidademadrid.com\/es\/wp-json\/wp\/v2\/posts\/47298\/revisions"}],"predecessor-version":[{"id":50395,"href":"https:\/\/www.vidademadrid.com\/es\/wp-json\/wp\/v2\/posts\/47298\/revisions\/50395"}],"wp:featuredmedia":[{"embeddable":true,"href":"https:\/\/www.vidademadrid.com\/es\/wp-json\/wp\/v2\/media\/47299"}],"wp:attachment":[{"href":"https:\/\/www.vidademadrid.com\/es\/wp-json\/wp\/v2\/media?parent=47298"}],"wp:term":[{"taxonomy":"category","embeddable":true,"href":"https:\/\/www.vidademadrid.com\/es\/wp-json\/wp\/v2\/categories?post=47298"},{"taxonomy":"post_tag","embeddable":true,"href":"https:\/\/www.vidademadrid.com\/es\/wp-json\/wp\/v2\/tags?post=47298"}],"curies":[{"name":"wp","href":"https:\/\/api.w.org\/{rel}","templated":true}]}}