{"id":47202,"date":"2022-12-29T12:19:49","date_gmt":"2022-12-29T11:19:49","guid":{"rendered":"https:\/\/www.vidademadrid.com\/es\/?p=47202"},"modified":"2022-12-29T12:19:55","modified_gmt":"2022-12-29T11:19:55","slug":"coches-que-no-pueden-circular-por-la-m30-madrid","status":"publish","type":"post","link":"https:\/\/www.vidademadrid.com\/es\/47202\/coches-que-no-pueden-circular-por-la-m30-madrid\/","title":{"rendered":"Estos son los coches que no podr\u00e1n circular por la M-30 en 2023"},"content":{"rendered":"<p>A partir del&nbsp;<strong>domingo 1 de enero del 2023,&nbsp;<\/strong>los turismos A no empadronados tendr\u00e1n restringida la circulaci\u00f3n en la M-30. Tambi\u00e9n se han anunciado otra&nbsp;<strong>novedades&nbsp;<\/strong>sobre los coches que podr\u00e1n circular por esta v\u00eda el pr\u00f3ximo a\u00f1o. Te contamos toda la informaci\u00f3n en este art\u00edculo.&nbsp;<\/p>\n<h2>Novedades en la circulaci\u00f3n de la M-30<\/h2>\n<p><script async=\"\" src=\"https:\/\/pagead2.googlesyndication.com\/pagead\/js\/adsbygoogle.js\"><\/script> <ins class=\"adsbygoogle\" style=\"display:block\" data-ad-format=\"fluid\" data-ad-layout-key=\"-7f+eo+1+2-5\" data-ad-client=\"ca-pub-7450064428034605\" data-ad-slot=\"7327027071\"><\/ins><script>(adsbygoogle = window.adsbygoogle || []).push({});<\/script>El&nbsp;<strong>Ayuntamiento de Madrid&nbsp;<\/strong>ha anunciado la&nbsp;<strong>nueva restricci\u00f3n al tr\u00e1fico rodado&nbsp;<\/strong>m\u00e1s contaminante a partir del <strong>1 de enero de 2023.&nbsp;<\/strong>Esta medida restringe la circulaci\u00f3n por la M-30 de los <strong>turismos con clasificaci\u00f3n ambiental A&nbsp;<\/strong>que no est\u00e9n empadronados ni abonen el Impuesto de Veh\u00edculo de Tracci\u00f3n Mec\u00e1nica en la capital.&nbsp;<\/p>\n<p>Las limitaciones mencionadas afectan a la&nbsp;<strong>Zona de Bajas Emisiones de Madrid&nbsp;<\/strong>y se imitar\u00e1 progresivamente, hasta el 2025, el tr\u00e1nsito a los turismos m\u00e1s contaminantes por las v\u00edas de la ciudad, es decir los&nbsp;<strong>coches que funcionan con gasolina y fueron matriculados antes del a\u00f1o 2000 y veh\u00edculos di\u00e9sel previos a 2006.<\/strong><\/p>\n<h2>Calendario de implantaci\u00f3n de la ZBE<\/h2>\n<p><script async=\"\" src=\"https:\/\/pagead2.googlesyndication.com\/pagead\/js\/adsbygoogle.js\"><\/script> <ins class=\"adsbygoogle\" style=\"display:block; text-align:center;\" data-ad-layout=\"in-article\" data-ad-format=\"fluid\" data-ad-client=\"ca-pub-7450064428034605\" data-ad-slot=\"5670045061\"><\/ins> <script>(adsbygoogle = window.adsbygoogle || []).push({});<\/script>El&nbsp;<strong>Ayuntamiento de Madrid&nbsp;<\/strong>ha publicado el&nbsp;<strong>calendario de implantaci\u00f3n de restricciones&nbsp;<\/strong>para los veh\u00edculos turismo con clasificaci\u00f3n ambiental A de las categor\u00edas 00 (sin especificar), 02 (familiar) y 33 (todoterreno), que no se encuentren domiciliados en la ciudad de Madrid y no figuran en el padr\u00f3n del Impuesto sobre Veh\u00edculos de Tracci\u00f3n Mec\u00e1nica del Ayuntamiento.&nbsp;<\/p>\n<p>Desde el&nbsp;<strong>1 de enero de 2023,&nbsp;<\/strong>tienen prohibido el acceso y la circulaci\u00f3n a los turismos por la v\u00edas p\u00fablicas urbanas del interior de la M-30 y de la propia M-30. Posteriormente, las prohibiciones se incrementar\u00e1n para convertir todo el t\u00e9rmino municipal en zona de bajas emisiones.&nbsp;<\/p>\n","protected":false},"excerpt":{"rendered":"<p>La nueva medida entrar\u00e1 en vigor el 1 de enero de 2023. <\/p>\n","protected":false},"author":15,"featured_media":47203,"comment_status":"open","ping_status":"open","sticky":false,"template":"","format":"standard","meta":{"footnotes":""},"categories":[12],"tags":[],"class_list":{"0":"post-47202","1":"post","2":"type-post","3":"status-publish","4":"format-standard","5":"has-post-thumbnail","7":"category-actualidad-noticias-madrid"},"_links":{"self":[{"href":"https:\/\/www.vidademadrid.com\/es\/wp-json\/wp\/v2\/posts\/47202","targetHints":{"allow":["GET"]}}],"collection":[{"href":"https:\/\/www.vidademadrid.com\/es\/wp-json\/wp\/v2\/posts"}],"about":[{"href":"https:\/\/www.vidademadrid.com\/es\/wp-json\/wp\/v2\/types\/post"}],"author":[{"embeddable":true,"href":"https:\/\/www.vidademadrid.com\/es\/wp-json\/wp\/v2\/users\/15"}],"replies":[{"embeddable":true,"href":"https:\/\/www.vidademadrid.com\/es\/wp-json\/wp\/v2\/comments?post=47202"}],"version-history":[{"count":2,"href":"https:\/\/www.vidademadrid.com\/es\/wp-json\/wp\/v2\/posts\/47202\/revisions"}],"predecessor-version":[{"id":47205,"href":"https:\/\/www.vidademadrid.com\/es\/wp-json\/wp\/v2\/posts\/47202\/revisions\/47205"}],"wp:featuredmedia":[{"embeddable":true,"href":"https:\/\/www.vidademadrid.com\/es\/wp-json\/wp\/v2\/media\/47203"}],"wp:attachment":[{"href":"https:\/\/www.vidademadrid.com\/es\/wp-json\/wp\/v2\/media?parent=47202"}],"wp:term":[{"taxonomy":"category","embeddable":true,"href":"https:\/\/www.vidademadrid.com\/es\/wp-json\/wp\/v2\/categories?post=47202"},{"taxonomy":"post_tag","embeddable":true,"href":"https:\/\/www.vidademadrid.com\/es\/wp-json\/wp\/v2\/tags?post=47202"}],"curies":[{"name":"wp","href":"https:\/\/api.w.org\/{rel}","templated":true}]}}