{"id":46899,"date":"2022-12-16T10:20:00","date_gmt":"2022-12-16T09:20:00","guid":{"rendered":"https:\/\/www.vidademadrid.com\/es\/?p=46899"},"modified":"2022-12-16T23:11:38","modified_gmt":"2022-12-16T22:11:38","slug":"la-puerta-de-alcala-requiere-restauracion-estudios-2022","status":"publish","type":"post","link":"https:\/\/www.vidademadrid.com\/es\/46899\/la-puerta-de-alcala-requiere-restauracion-estudios-2022\/","title":{"rendered":"La Puerta de Alcal\u00e1 requiere restauraci\u00f3n inmediata"},"content":{"rendered":"<p>La&nbsp;<strong>Puerta de Alcal\u00e1,&nbsp;<\/strong>que actualmente se encuentra bajo un estudio para conocer su estado de conservaci\u00f3n, necesita&nbsp;<strong>restauraci\u00f3n inmediata,&nbsp;<\/strong>as\u00ed lo ha declarado el Ayuntamiento de Madrid y su equipo de expertos. Te contamos toda la informaci\u00f3n en este art\u00edculo.&nbsp;<\/p>\n<h2>Restauraci\u00f3n de la Puerta de Alcal\u00e1&nbsp;<\/h2>\n<p><script async=\"\" src=\"https:\/\/pagead2.googlesyndication.com\/pagead\/js\/adsbygoogle.js\"><\/script> <ins class=\"adsbygoogle\" style=\"display:block\" data-ad-format=\"fluid\" data-ad-layout-key=\"-7f+eo+1+2-5\" data-ad-client=\"ca-pub-7450064428034605\" data-ad-slot=\"7327027071\"><\/ins><script>(adsbygoogle = window.adsbygoogle || []).push({});<\/script>El \u00c1rea de Cultura, Turismo y Deporte del&nbsp;<strong>Ayuntamiento de Madrid&nbsp;<\/strong>ha dado a conocer el estado de conservaci\u00f3n de la&nbsp;<strong>Puerta de Alcal\u00e1.&nbsp;<\/strong>La conclusi\u00f3n de los&nbsp;<strong>mejores expertos en tratamientos y restauraci\u00f3n de piedra&nbsp;<\/strong>involucrados en el proyecto es que la&nbsp;<strong>Puerta de Alcal\u00e1&nbsp;<\/strong>necesita una&nbsp;<strong>restauraci\u00f3n inmediata.&nbsp;<\/strong><\/p>\n<p>Debido a estos resultados, el&nbsp;<strong>Ayuntamiento&nbsp;<\/strong>proceder\u00e1 a la restauraci\u00f3n de este monumento. Durante la intervenci\u00f3n del mismo, se profundizar\u00e1 el conocimiento y se pretende&nbsp;<strong>dise\u00f1ar protocolos de monitorizaci\u00f3n&nbsp;<\/strong>que permiten seguimiento exhaustivo y sistem\u00e1tico del estado de este emblema de Madrid y el Paisaje de la Luz.&nbsp;<\/p>\n<h2>Resultados del estudio sobre el estado de conservaci\u00f3n&nbsp;<\/h2>\n<p><script async=\"\" src=\"https:\/\/pagead2.googlesyndication.com\/pagead\/js\/adsbygoogle.js\"><\/script> <ins class=\"adsbygoogle\" style=\"display:block; text-align:center;\" data-ad-layout=\"in-article\" data-ad-format=\"fluid\" data-ad-client=\"ca-pub-7450064428034605\" data-ad-slot=\"5670045061\"><\/ins> <script>(adsbygoogle = window.adsbygoogle || []).push({});<\/script>Durante los meses de julio a noviembre del 2022, la&nbsp;<strong>Puerta de Alcal\u00e1 <\/strong>han realizado estudios para conocer el estado de conservaci\u00f3n de esta. El&nbsp;<strong>Ayuntamiento de Madrid&nbsp;<\/strong>ha declarado que ha recibido&nbsp;<strong>tres informes&nbsp;<\/strong>con resultados que coinciden con el diagn\u00f3stico.&nbsp;<\/p>\n<p>Los expertos han concluido en que la&nbsp;<strong>Puerta de Alcal\u00e1&nbsp;<\/strong>sufre ciertos deterioros que afectan&nbsp;<strong>su conservaci\u00f3n,&nbsp;<\/strong>sobre todo en los elementos ornamentales, que pueden solucionarse mediante una adecuada reestructuraci\u00f3n.&nbsp;<\/p>\n<p>Algunos elementos&nbsp;<strong>ornamentales&nbsp;<\/strong>son lo que m\u00e1s preocupan ya que presentan&nbsp;<strong>fisuras y grietas&nbsp;<\/strong>originadas con el&nbsp;<strong>paso del tiempo y el comportamiento de los materiales que se utilizaron anteriormente.&nbsp;<\/strong><\/p>\n<p>Adem\u00e1s, se ha descubierto que la&nbsp;<strong>cubierta de plomo&nbsp;<\/strong>no funciona eficazmente y hay humedad de condensaci\u00f3n en la parte alta de la&nbsp;<strong>estructura de la puerta.&nbsp;<\/strong>Mientras que en la estructura de granito, se observa que hay placas que hay que retirar.&nbsp;<\/p>\n<figure id=\"attachment_46923\" aria-describedby=\"caption-attachment-46923\" style=\"width: 1425px\" class=\"wp-caption alignnone\"><a href=\"https:\/\/www.vidademadrid.com\/es\/wp-content\/uploads\/2022\/12\/06_Plano-Materiales-Fachada-Oeste-1425x1000-1.jpeg\"><img loading=\"lazy\" decoding=\"async\" class=\"size-full wp-image-46923\" src=\"https:\/\/www.vidademadrid.com\/es\/wp-content\/uploads\/2022\/12\/06_Plano-Materiales-Fachada-Oeste-1425x1000-1.jpeg\" alt=\"\" width=\"1425\" height=\"1000\" srcset=\"https:\/\/www.vidademadrid.com\/es\/wp-content\/uploads\/2022\/12\/06_Plano-Materiales-Fachada-Oeste-1425x1000-1.jpeg 1425w, https:\/\/www.vidademadrid.com\/es\/wp-content\/uploads\/2022\/12\/06_Plano-Materiales-Fachada-Oeste-1425x1000-1-300x211.jpeg 300w, https:\/\/www.vidademadrid.com\/es\/wp-content\/uploads\/2022\/12\/06_Plano-Materiales-Fachada-Oeste-1425x1000-1-1024x719.jpeg 1024w, https:\/\/www.vidademadrid.com\/es\/wp-content\/uploads\/2022\/12\/06_Plano-Materiales-Fachada-Oeste-1425x1000-1-768x539.jpeg 768w, https:\/\/www.vidademadrid.com\/es\/wp-content\/uploads\/2022\/12\/06_Plano-Materiales-Fachada-Oeste-1425x1000-1-696x488.jpeg 696w, https:\/\/www.vidademadrid.com\/es\/wp-content\/uploads\/2022\/12\/06_Plano-Materiales-Fachada-Oeste-1425x1000-1-1068x749.jpeg 1068w, https:\/\/www.vidademadrid.com\/es\/wp-content\/uploads\/2022\/12\/06_Plano-Materiales-Fachada-Oeste-1425x1000-1-599x420.jpeg 599w, https:\/\/www.vidademadrid.com\/es\/wp-content\/uploads\/2022\/12\/06_Plano-Materiales-Fachada-Oeste-1425x1000-1-100x70.jpeg 100w\" sizes=\"auto, (max-width: 1425px) 100vw, 1425px\" \/><\/a><figcaption id=\"caption-attachment-46923\" class=\"wp-caption-text\">Foto: Ayuntamiento de Madrid<\/figcaption><\/figure>\n","protected":false},"excerpt":{"rendered":"<p>Se elaborar\u00e1 un sistema de monitorizaci\u00f3n para realizar seguimiento. <\/p>\n","protected":false},"author":15,"featured_media":46900,"comment_status":"open","ping_status":"open","sticky":false,"template":"","format":"standard","meta":{"footnotes":""},"categories":[12],"tags":[],"class_list":{"0":"post-46899","1":"post","2":"type-post","3":"status-publish","4":"format-standard","5":"has-post-thumbnail","7":"category-actualidad-noticias-madrid"},"_links":{"self":[{"href":"https:\/\/www.vidademadrid.com\/es\/wp-json\/wp\/v2\/posts\/46899","targetHints":{"allow":["GET"]}}],"collection":[{"href":"https:\/\/www.vidademadrid.com\/es\/wp-json\/wp\/v2\/posts"}],"about":[{"href":"https:\/\/www.vidademadrid.com\/es\/wp-json\/wp\/v2\/types\/post"}],"author":[{"embeddable":true,"href":"https:\/\/www.vidademadrid.com\/es\/wp-json\/wp\/v2\/users\/15"}],"replies":[{"embeddable":true,"href":"https:\/\/www.vidademadrid.com\/es\/wp-json\/wp\/v2\/comments?post=46899"}],"version-history":[{"count":2,"href":"https:\/\/www.vidademadrid.com\/es\/wp-json\/wp\/v2\/posts\/46899\/revisions"}],"predecessor-version":[{"id":46924,"href":"https:\/\/www.vidademadrid.com\/es\/wp-json\/wp\/v2\/posts\/46899\/revisions\/46924"}],"wp:featuredmedia":[{"embeddable":true,"href":"https:\/\/www.vidademadrid.com\/es\/wp-json\/wp\/v2\/media\/46900"}],"wp:attachment":[{"href":"https:\/\/www.vidademadrid.com\/es\/wp-json\/wp\/v2\/media?parent=46899"}],"wp:term":[{"taxonomy":"category","embeddable":true,"href":"https:\/\/www.vidademadrid.com\/es\/wp-json\/wp\/v2\/categories?post=46899"},{"taxonomy":"post_tag","embeddable":true,"href":"https:\/\/www.vidademadrid.com\/es\/wp-json\/wp\/v2\/tags?post=46899"}],"curies":[{"name":"wp","href":"https:\/\/api.w.org\/{rel}","templated":true}]}}