{"id":46787,"date":"2023-01-02T11:23:52","date_gmt":"2023-01-02T10:23:52","guid":{"rendered":"https:\/\/www.vidademadrid.com\/es\/?p=46787"},"modified":"2023-01-03T12:35:02","modified_gmt":"2023-01-03T11:35:02","slug":"cabalgata-de-reyes-2023-madrid-fecha-horario-recorrido-novedades","status":"publish","type":"post","link":"https:\/\/www.vidademadrid.com\/es\/46787\/cabalgata-de-reyes-2023-madrid-fecha-horario-recorrido-novedades\/","title":{"rendered":"Cabalgata de Reyes 2023 en Madrid: fecha, horario, recorrido y novedades"},"content":{"rendered":"<p>La Cabalgata de Reyes es una tradici\u00f3n que se celebra en toda Espa\u00f1a el d\u00eda de Reyes, tambi\u00e9n conocido como el D\u00eda de los Tres Reyes Magos. En este art\u00edculo, te proporcionaremos<strong> toda la informaci\u00f3n sobre la principal Cabalgata de Reyes 2023 en Madrid<\/strong>, incluyendo la fecha, el horario y el recorrido.<\/p>\n<h1>Actualizaci\u00f3n: 2 de enero de 2023<\/h1>\n<h2>Cabalgata de Reyes 2023<\/h2>\n<p>Este a\u00f1o, la\u00a0<strong>Cabalgata de los Reyes Magos\u00a0<\/strong>recorrer\u00e1 el tramo entre\u00a0<strong>plaza de San Juan de la Cruz\u00a0<\/strong><strong>y Cibeles.\u00a0<\/strong>Ser\u00e1n\u00a0<strong>8 carrozas <\/strong>las que acompa\u00f1ar\u00e1n las\u00a0<strong>tres carrozas reales<\/strong> y transportar\u00e1n la\u00a0<strong>gran estrella de Oriente\u00a0<\/strong>que guiar\u00e1 a los\u00a0<strong>Reyes Magos.<\/strong><\/p>\n<p>La\u00a0<strong>Cabalgata\u00a0<\/strong>comenzar\u00e1 a las\u00a0<strong>18.30 horas\u00a0<\/strong>del\u00a0<strong>5 de enero\u00a0<\/strong>y se habilitar\u00e1n <strong>10.500 plazas <\/strong>para disfrutar de la Cabalgata, <strong>2.500 <\/strong>se ubicar\u00e1n en <strong>Cibeles. <\/strong>Se podr\u00e1n ocupar desde las <strong>16.30 horas,\u00a0<\/strong>hasta completar el aforo. El\u00a0<strong>Ayuntamiento\u00a0<\/strong>dar\u00e1 prioridad a\u00a0<strong>ni\u00f1os hospitalizados, menores en acogida, personas con discapacidad\u00a0<\/strong>y asociaciones del tercer sector de acci\u00f3n social.<\/p>\n<p>Se lanzar\u00e1n este a\u00f1o <strong>2.400 kilos de caramelos<\/strong> sin gluten y envueltos en papel biodegradable, la mitad de ellos desde las carrozas de los Reyes Magos.<\/p>\n<p>En el\u00a0<strong>escenario de Cibeles,\u00a0<\/strong>la m\u00fasica y el circo ser\u00e1n los protagonistas hasta que lleguen las carrozas. Al llegar, los\u00a0<strong>Reyes Magos\u00a0<\/strong>y el Alcalde de Madrid dar\u00e1n un discurso. Para finalizar, habr\u00e1 un espect\u00e1culo de fuegos artificiales.<\/p>\n<h1>Art\u00edculo: 13 de diciembre de 2022<\/h1>\n<h2>Cabalgata 2023 en Madrid: fecha, horario y recorrido<\/h2>\n<p><script async=\"\" src=\"https:\/\/pagead2.googlesyndication.com\/pagead\/js\/adsbygoogle.js\"><\/script> <ins class=\"adsbygoogle\" style=\"display: block;\" data-ad-format=\"fluid\" data-ad-layout-key=\"-7f+eo+1+2-5\" data-ad-client=\"ca-pub-7450064428034605\" data-ad-slot=\"7327027071\"><\/ins><script>(adsbygoogle = window.adsbygoogle || []).push({});<\/script><\/p>\n<p>La Cabalgata de Reyes 2023 en Madrid tendr\u00e1 lugar el <strong>jueves 5 de enero a las 18.30 h<\/strong>. Este a\u00f1o se repite el tradicional recorrido: la cabalgata saldr\u00e1 desde la Plaza de San Juan de la Cruz y recorrer\u00e1 el Paseo de la Castellana y el Paseo de Recoletos, hasta llegar a la Plaza de Cibeles.<\/p>\n<p>En Cibeles habr\u00e1 el tradicional discurso de los Reyes Magos y del alcalde, antes del gran final con los <strong>fuegos artificiales<\/strong>.<\/p>\n<h2>Cabalgata 2023 en Madrid: novedades<\/h2>\n<p><script async=\"\" src=\"https:\/\/pagead2.googlesyndication.com\/pagead\/js\/adsbygoogle.js\"><\/script> <ins class=\"adsbygoogle\" style=\"display: block; text-align: center;\" data-ad-layout=\"in-article\" data-ad-format=\"fluid\" data-ad-client=\"ca-pub-7450064428034605\" data-ad-slot=\"5670045061\"><\/ins> <script>(adsbygoogle = window.adsbygoogle || []).push({});<\/script><\/p>\n<p>Este a\u00f1o, la Cabalgata de Reyes contar\u00e1 con una novedad especial: <strong>ser\u00e1 abierta por el \u00c1ngel de la Paz<\/strong>, como recordatorio del camino hacia el entendimiento entre todos. Adem\u00e1s, la comitiva estar\u00e1 acompa\u00f1ada por pajes, m\u00fasicos, bailarines y una gran variedad de animales, como una bandada de aves, elefantes africanos y hasta un carbonero gigante.<\/p>\n<p><script async=\"\" src=\"https:\/\/pagead2.googlesyndication.com\/pagead\/js\/adsbygoogle.js\"><\/script><\/p>\n<p><!-- Vertical2020 --><ins class=\"adsbygoogle\" style=\"display: block;\" data-ad-client=\"ca-pub-7450064428034605\" data-ad-slot=\"4377430105\" data-ad-format=\"auto\" data-full-width-responsive=\"true\"><\/ins><script>(adsbygoogle = window.adsbygoogle || []).push({});<\/script><\/p>\n<p>Si deseas asistir a la Cabalgata de Reyes 2023 en Madrid, no te pierdas la oportunidad de presenciar esta maravillosa celebraci\u00f3n y de disfrutar de la magia de la Navidad. La cabalgata comenzar\u00e1 a las 18.30 h en la Plaza de San Juan de la Cruz y seguir\u00e1 su camino hasta llegar a la Plaza de Cibeles. \u00a1No te lo pierdas! Y recuerda que tambi\u00e9n habr\u00e1 muchas cabalgatas en los d\u00edas anteriores en distintos barrios de Madrid, en la <a href=\"http:\/\/www.vidademadrid.com\/agenda\">agenda de Vida de Madrid<\/a> te damos toda la informaci\u00f3n completa.<\/p>\n","protected":false},"excerpt":{"rendered":"<p>La novedad de este a\u00f1o es el \u00c1ngel de la Paz que abrir\u00e1 el desfile <\/p>\n","protected":false},"author":1,"featured_media":46788,"comment_status":"open","ping_status":"open","sticky":false,"template":"","format":"standard","meta":{"footnotes":""},"categories":[11,101,187,119],"tags":[],"class_list":{"0":"post-46787","1":"post","2":"type-post","3":"status-publish","4":"format-standard","5":"has-post-thumbnail","7":"category-eventos-madrid","8":"category-ferias-fiestas-mercados-madrid","9":"category-madrid-hoy","10":"category-portada"},"_links":{"self":[{"href":"https:\/\/www.vidademadrid.com\/es\/wp-json\/wp\/v2\/posts\/46787","targetHints":{"allow":["GET"]}}],"collection":[{"href":"https:\/\/www.vidademadrid.com\/es\/wp-json\/wp\/v2\/posts"}],"about":[{"href":"https:\/\/www.vidademadrid.com\/es\/wp-json\/wp\/v2\/types\/post"}],"author":[{"embeddable":true,"href":"https:\/\/www.vidademadrid.com\/es\/wp-json\/wp\/v2\/users\/1"}],"replies":[{"embeddable":true,"href":"https:\/\/www.vidademadrid.com\/es\/wp-json\/wp\/v2\/comments?post=46787"}],"version-history":[{"count":6,"href":"https:\/\/www.vidademadrid.com\/es\/wp-json\/wp\/v2\/posts\/46787\/revisions"}],"predecessor-version":[{"id":47284,"href":"https:\/\/www.vidademadrid.com\/es\/wp-json\/wp\/v2\/posts\/46787\/revisions\/47284"}],"wp:featuredmedia":[{"embeddable":true,"href":"https:\/\/www.vidademadrid.com\/es\/wp-json\/wp\/v2\/media\/46788"}],"wp:attachment":[{"href":"https:\/\/www.vidademadrid.com\/es\/wp-json\/wp\/v2\/media?parent=46787"}],"wp:term":[{"taxonomy":"category","embeddable":true,"href":"https:\/\/www.vidademadrid.com\/es\/wp-json\/wp\/v2\/categories?post=46787"},{"taxonomy":"post_tag","embeddable":true,"href":"https:\/\/www.vidademadrid.com\/es\/wp-json\/wp\/v2\/tags?post=46787"}],"curies":[{"name":"wp","href":"https:\/\/api.w.org\/{rel}","templated":true}]}}