{"id":4654,"date":"2016-09-09T12:50:19","date_gmt":"2016-09-09T10:50:19","guid":{"rendered":"http:\/\/www.vidademadrid.com\/es\/?p=4654"},"modified":"2016-09-23T14:50:33","modified_gmt":"2016-09-23T12:50:33","slug":"fiestas-chamartin-2016","status":"publish","type":"post","link":"https:\/\/www.vidademadrid.com\/es\/4654\/fiestas-chamartin-2016\/","title":{"rendered":"Fiestas Chamart\u00edn 2016 (San Miguel): fechas y programa"},"content":{"rendered":"<p>El 29 septiembre ser\u00e1 el d\u00eda de San Miguel: las <strong>Fiestas Chamart\u00edn 2016<\/strong> celebrar\u00e1n el Santo, y en esta p\u00e1gina os voy a dar toda la informaci\u00f3n sobre el programa de los eventos (en el Parque de Berl\u00edn y m\u00e1s) y los conciertos.<\/p>\n<p><a href=\"#a\">Fiestas Chamart\u00edn 2016: fechas<\/a> &#8211; <a href=\"#b\">Fiestas Chamart\u00edn 2016: programa\/conciertos<\/a><br \/>\n<script async src=\"\/\/pagead2.googlesyndication.com\/pagead\/js\/adsbygoogle.js\"><\/script> <!-- Vida vertical --> <ins class=\"adsbygoogle\" style=\"display:inline-block;width:300px;height:600px\" data-ad-client=\"ca-pub-7450064428034605\" data-ad-slot=\"7296098777\"><\/ins> <script> (adsbygoogle = window.adsbygoogle || []).push({}); <\/script> <\/p>\n<h2 id=\"a\">Fiestas Chamart\u00edn 2016: fechas<\/h2>\n<p><script async src=\"\/\/pagead2.googlesyndication.com\/pagead\/js\/adsbygoogle.js\"><\/script> <!-- Vida 2 --> <ins class=\"adsbygoogle\" style=\"display:inline-block;width:336px;height:280px\" data-ad-client=\"ca-pub-7450064428034605\" data-ad-slot=\"9336835571\"><\/ins> <script> (adsbygoogle = window.adsbygoogle || []).push({}); <\/script><br \/>\nLas fechas ser\u00e1n las siguientes: <strong>24-25-26-27-28-29-30 septiembre y 1-2-3-4 octubre 2016<\/strong>.<\/p>\n<p>El a\u00f1o pasado las fiestas fueron desde el 27 al 29 septiembre, y hace dos a\u00f1os desde el 19 al 29 septiembre.<\/p>\n<h2 id=\"b\">Fiestas Chamart\u00edn 2016: programa\/conciertos<\/h2>\n<p>Pincha en el enlace para leer el <a href=\"#b\">programa oficial<\/a>:<br \/>\n<script async src=\"\/\/pagead2.googlesyndication.com\/pagead\/js\/adsbygoogle.js\"><\/script> <!-- Vida 1 --> <ins class=\"adsbygoogle\" style=\"display:block\" data-ad-client=\"ca-pub-7450064428034605\" data-ad-slot=\"2284573579\" data-ad-format=\"auto\"><\/ins> <script> (adsbygoogle = window.adsbygoogle || []).push({}); <\/script><strong><a href=\"https:\/\/www.facebook.com\/distritochamartin\/photos\/?tab=album&#038;album_id=1112314522187028\">Programa<\/a><\/strong><\/p>\n<p>La ubicaci\u00f3n principal ser\u00e1 el <strong>Recinto Ferial del Parque de Berl\u00edn<\/strong>.<\/p>\n<p>Pod\u00e9is contactar conmigo <a href=\"\/es\/contacto\">aqu\u00ed<\/a><\/p>\n","protected":false},"excerpt":{"rendered":"<p>El 29 septiembre ser\u00e1 el d\u00eda de San Miguel: las Fiestas Chamart\u00edn 2016 celebrar\u00e1n el Santo, y en esta p\u00e1gina os voy a dar toda la informaci\u00f3n sobre el programa de los eventos (en el Parque de Berl\u00edn y m\u00e1s) y los conciertos. Fiestas Chamart\u00edn 2016: fechas &#8211; Fiestas Chamart\u00edn 2016: programa\/conciertos Fiestas Chamart\u00edn 2016: [&hellip;]<\/p>\n","protected":false},"author":1,"featured_media":0,"comment_status":"open","ping_status":"open","sticky":false,"template":"","format":"standard","meta":{"footnotes":""},"categories":[11],"tags":[18],"class_list":{"0":"post-4654","1":"post","2":"type-post","3":"status-publish","4":"format-standard","6":"category-eventos-madrid","7":"tag-chamartin"},"_links":{"self":[{"href":"https:\/\/www.vidademadrid.com\/es\/wp-json\/wp\/v2\/posts\/4654","targetHints":{"allow":["GET"]}}],"collection":[{"href":"https:\/\/www.vidademadrid.com\/es\/wp-json\/wp\/v2\/posts"}],"about":[{"href":"https:\/\/www.vidademadrid.com\/es\/wp-json\/wp\/v2\/types\/post"}],"author":[{"embeddable":true,"href":"https:\/\/www.vidademadrid.com\/es\/wp-json\/wp\/v2\/users\/1"}],"replies":[{"embeddable":true,"href":"https:\/\/www.vidademadrid.com\/es\/wp-json\/wp\/v2\/comments?post=4654"}],"version-history":[{"count":12,"href":"https:\/\/www.vidademadrid.com\/es\/wp-json\/wp\/v2\/posts\/4654\/revisions"}],"predecessor-version":[{"id":4820,"href":"https:\/\/www.vidademadrid.com\/es\/wp-json\/wp\/v2\/posts\/4654\/revisions\/4820"}],"wp:attachment":[{"href":"https:\/\/www.vidademadrid.com\/es\/wp-json\/wp\/v2\/media?parent=4654"}],"wp:term":[{"taxonomy":"category","embeddable":true,"href":"https:\/\/www.vidademadrid.com\/es\/wp-json\/wp\/v2\/categories?post=4654"},{"taxonomy":"post_tag","embeddable":true,"href":"https:\/\/www.vidademadrid.com\/es\/wp-json\/wp\/v2\/tags?post=4654"}],"curies":[{"name":"wp","href":"https:\/\/api.w.org\/{rel}","templated":true}]}}