{"id":46208,"date":"2022-11-14T12:36:37","date_gmt":"2022-11-14T11:36:37","guid":{"rendered":"https:\/\/www.vidademadrid.com\/es\/?p=46208"},"modified":"2022-11-14T12:37:14","modified_gmt":"2022-11-14T11:37:14","slug":"zobel-futuro-pasado-exposicion-museo-prado-2022","status":"publish","type":"post","link":"https:\/\/www.vidademadrid.com\/es\/46208\/zobel-futuro-pasado-exposicion-museo-prado-2022\/","title":{"rendered":"\u00abZ\u00f3bel. El futuro del pasado\u00bb, la nueva exposici\u00f3n del Museo del Prado \u00a0"},"content":{"rendered":"<p>La nueva exposici\u00f3n temporal del\u00a0<strong>Museo del Prado, \u00abZ\u00f3bel. El futuro del pasado\u00bb,\u00a0<\/strong>rinde homenaje a\u00a0<strong>Fernando Z\u00f3bel<\/strong>, una figura fundamental de la pintura espa\u00f1ola de la segunda mitad del <strong>siglo XX. <\/strong>Sigue leyendo este art\u00edculo para conocer toda la informaci\u00f3n.\u00a0<\/p>\n<h2>\u00abZ\u00f3bel. El futuro del pasado\u00bb<\/h2>\n<p><script async=\"\" src=\"https:\/\/pagead2.googlesyndication.com\/pagead\/js\/adsbygoogle.js\"><\/script> <ins class=\"adsbygoogle\" style=\"display: block;\" data-ad-format=\"fluid\" data-ad-layout-key=\"-7f+eo+1+2-5\" data-ad-client=\"ca-pub-7450064428034605\" data-ad-slot=\"7327027071\"><\/ins><script>(adsbygoogle = window.adsbygoogle || []).push({});<\/script><\/p>\n<p>El <strong>Museo del Prado, <\/strong>en su nueva exposici\u00f3n temporal, rinde homenaje a <strong>Fernando Z\u00f3bel<\/strong>, un pintor espa\u00f1ol nacido en Manila y <strong>figura fundamental de la pintura espa\u00f1ola\u00a0<\/strong>en la segunda mitad del siglo XX. Z\u00f3bel estudio de forma intensa a los grandes maestros y el arte pasado para reinventarlos.\u00a0<\/p>\n<p>La obra de\u00a0<strong>Fernando Z\u00f3bel<\/strong> concibi\u00f3 su pintura como un instrumentos con el cual transitar las complejas rutas de la historia del arte. En <strong>\u00abZ\u00f3bel. El futuro del pasado\u00bb\u00a0<\/strong>se podr\u00e1n ver\u00a0<strong>42 pinturas, 51 cuadernos de apuntes y 85 dibujos y obra sobre papel\u00a0<\/strong>que provienen de colecciones\u00a0<strong>espa\u00f1olas, filipinas y norteamericanas.\u00a0<\/strong><\/p>\n<p>En esta exposici\u00f3n, se podr\u00e1 explorar la obra del pintor a lo largo de\u00a0<strong>dos itinerarios\u00a0<\/strong>que son fundamentales para valorar su contribuci\u00f3n a la pintura abstracta contempor\u00e1nea:\u00a0<strong>entre la modernidad y el legado de la tradici\u00f3n\u00a0<\/strong>y re\u00fane los estudios del pintor realizados en museos de todo el mundo. Tambi\u00e9n, el segundo itinerario, <strong>internacional y geogr\u00e1fico<\/strong>, sigue la obra a partir de su condici\u00f3n biogr\u00e1fica y recorre los l\u00edmites geogr\u00e1ficos de <strong>Asia, Norteam\u00e9rica y Europa<\/strong>.\u00a0<\/p>\n<p>La exposici\u00f3n est\u00e1 dividida en cinco \u00e1mbitos:\u00a0<strong>el descubrimiento del pasado; dibujar pintando:\u00a0<\/strong>caligraf\u00eda asi\u00e1tica y pintura abstracta;\u00a0<strong>conversaciones con los maestros; im\u00e1genes dial\u00e9cticas\u00a0<\/strong>y\u00a0<strong>paisajes del pasado y del futuro.\u00a0<\/strong><\/p>\n<h2>Visita \u00abZ\u00f3bel. El futuro del pasado\u00bb<\/h2>\n<p><script async=\"\" src=\"https:\/\/pagead2.googlesyndication.com\/pagead\/js\/adsbygoogle.js\"><\/script> <ins class=\"adsbygoogle\" style=\"display: block; text-align: center;\" data-ad-layout=\"in-article\" data-ad-format=\"fluid\" data-ad-client=\"ca-pub-7450064428034605\" data-ad-slot=\"5670045061\"><\/ins> <script>(adsbygoogle = window.adsbygoogle || []).push({});<\/script><\/p>\n<p>La exposici\u00f3n <strong>\u00abZ\u00f3bel. El futuro del pasado\u00bb\u00a0<\/strong>se podr\u00e1 visitar del\u00a0<strong>15 de noviembre del 2022\u00a0<\/strong>al\u00a0<strong>5 de marzo del 2023\u00a0<\/strong>en la Sala C del Edificio Jer\u00f3nimos del\u00a0<strong>Museo del Prado.\u00a0<\/strong><\/p>\n<p>El horario de visita del\u00a0<strong>Museo del Prado\u00a0<\/strong>es de\u00a0<strong>lunes a s\u00e1bado\u00a0<\/strong>de\u00a0<strong>10 a 20 horas\u00a0<\/strong>y los <strong>domingos y festivos\u00a0<\/strong>de\u00a0<strong>10 a 19 horas.\u00a0<\/strong><\/p>\n\n\n<p><\/p>\n","protected":false},"excerpt":{"rendered":"<p>Se podr\u00e1 visitar hasta marzo del 2023. <\/p>\n","protected":false},"author":15,"featured_media":46209,"comment_status":"open","ping_status":"open","sticky":false,"template":"","format":"standard","meta":{"footnotes":""},"categories":[111],"tags":[],"class_list":{"0":"post-46208","1":"post","2":"type-post","3":"status-publish","4":"format-standard","5":"has-post-thumbnail","7":"category-exposiciones-madrid"},"_links":{"self":[{"href":"https:\/\/www.vidademadrid.com\/es\/wp-json\/wp\/v2\/posts\/46208","targetHints":{"allow":["GET"]}}],"collection":[{"href":"https:\/\/www.vidademadrid.com\/es\/wp-json\/wp\/v2\/posts"}],"about":[{"href":"https:\/\/www.vidademadrid.com\/es\/wp-json\/wp\/v2\/types\/post"}],"author":[{"embeddable":true,"href":"https:\/\/www.vidademadrid.com\/es\/wp-json\/wp\/v2\/users\/15"}],"replies":[{"embeddable":true,"href":"https:\/\/www.vidademadrid.com\/es\/wp-json\/wp\/v2\/comments?post=46208"}],"version-history":[{"count":2,"href":"https:\/\/www.vidademadrid.com\/es\/wp-json\/wp\/v2\/posts\/46208\/revisions"}],"predecessor-version":[{"id":46211,"href":"https:\/\/www.vidademadrid.com\/es\/wp-json\/wp\/v2\/posts\/46208\/revisions\/46211"}],"wp:featuredmedia":[{"embeddable":true,"href":"https:\/\/www.vidademadrid.com\/es\/wp-json\/wp\/v2\/media\/46209"}],"wp:attachment":[{"href":"https:\/\/www.vidademadrid.com\/es\/wp-json\/wp\/v2\/media?parent=46208"}],"wp:term":[{"taxonomy":"category","embeddable":true,"href":"https:\/\/www.vidademadrid.com\/es\/wp-json\/wp\/v2\/categories?post=46208"},{"taxonomy":"post_tag","embeddable":true,"href":"https:\/\/www.vidademadrid.com\/es\/wp-json\/wp\/v2\/tags?post=46208"}],"curies":[{"name":"wp","href":"https:\/\/api.w.org\/{rel}","templated":true}]}}