{"id":45922,"date":"2022-11-02T13:10:32","date_gmt":"2022-11-02T12:10:32","guid":{"rendered":"https:\/\/www.vidademadrid.com\/es\/?p=45922"},"modified":"2022-11-02T13:10:45","modified_gmt":"2022-11-02T12:10:45","slug":"recuerdo-vivo-homenaje-victimas-terrorismo-madrid","status":"publish","type":"post","link":"https:\/\/www.vidademadrid.com\/es\/45922\/recuerdo-vivo-homenaje-victimas-terrorismo-madrid\/","title":{"rendered":"As\u00ed es \u00abRecuerdo vivo\u00bb, la propuesta ganadora para el monumento en memoria de las v\u00edctimas del terrorismo \u00a0"},"content":{"rendered":"<p>El&nbsp;<strong>Ayuntamiento de Madrid&nbsp;<\/strong>ha presentado la&nbsp;<strong>propuesta ganadora&nbsp;<\/strong>para la realizaci\u00f3n&nbsp;del<strong> monumento en memoria de las v\u00edctimas del terrorismo. <\/strong>Este&nbsp; proyecto lleva como lema&nbsp;<em>Recuerdo Vivo&nbsp;<\/em>y preservar\u00e1 el recuerdo de las v\u00edctimas. Te contamos toda la informaci\u00f3n en este art\u00edculo.&nbsp;<\/p>\n<h2>\u00abRecuerdo vivo\u00bb<\/h2>\n<p><script async=\"\" src=\"https:\/\/pagead2.googlesyndication.com\/pagead\/js\/adsbygoogle.js\"><\/script> <ins class=\"adsbygoogle\" style=\"display:block\" data-ad-format=\"fluid\" data-ad-layout-key=\"-7f+eo+1+2-5\" data-ad-client=\"ca-pub-7450064428034605\" data-ad-slot=\"7327027071\"><\/ins><script>(adsbygoogle = window.adsbygoogle || []).push({});<\/script>El \u00c1rea de Cultura, Turismo y Deporte del&nbsp;<strong>Ayuntamiento de Madrid&nbsp;<\/strong>ha presentado la&nbsp;<strong>propuesta ganadora&nbsp;<\/strong>del concurso que convocaron con motivo de&nbsp;<strong>rendir homenaje&nbsp;<\/strong>a las <strong>mil 429 v\u00edctimas del terrorismo.&nbsp;<\/strong><\/p>\n<p>El proyecto art\u00edstico ha sido creado por el colectivo&nbsp;<strong>Sawu Studio,&nbsp;<\/strong>formado por&nbsp;Pablo Garc\u00eda Mena y Aylin Vera Ramos, y se compone por&nbsp;<strong>96 prismas dispuestos verticalmente.&nbsp;<\/strong>La cara exterior de estos prismas estar\u00e1 pintada de blanco para simbolizar la<strong> inocencia<\/strong> de las v\u00edctimas mientras que las caras interiores estar\u00e1n pintados de cian, magenta, amarillo y negro para simbolizar los&nbsp;<strong>recuerdos \u00edntimos.<\/strong><\/p>\n<h2>Monumento a las v\u00edctimas del terrorismo&nbsp;<\/h2>\n<p><script async=\"\" src=\"https:\/\/pagead2.googlesyndication.com\/pagead\/js\/adsbygoogle.js\"><\/script> <ins class=\"adsbygoogle\" style=\"display:block; text-align:center;\" data-ad-layout=\"in-article\" data-ad-format=\"fluid\" data-ad-client=\"ca-pub-7450064428034605\" data-ad-slot=\"5670045061\"><\/ins> <script>(adsbygoogle = window.adsbygoogle || []).push({});<\/script>El&nbsp;<strong>Ayuntamiento de Madrid&nbsp;<\/strong>prev\u00e9 al instalaci\u00f3n del monumento en&nbsp;<strong>2023&nbsp;<\/strong>y estar\u00e1 ubicado en la<strong> calle de<\/strong>&nbsp;<strong>L\u00f3pez de Hoyos con Joaqu\u00edn Costa y Francisco Silvela.&nbsp;<\/strong>El presupuesto para su ejecuci\u00f3n es de&nbsp;<strong>300 mil euros.&nbsp;<\/strong><\/p>\n<p>Este monumento pretende ofrecer la oportunidad de realizar un&nbsp;<strong>reconocimiento social&nbsp;<\/strong>de la ciudad de Madrid en el que todas las&nbsp;<strong>v\u00edctimas de terrorismo&nbsp;<\/strong>se sientan representadas.&nbsp;<\/p>\n<h2>&nbsp;<\/h2>\n","protected":false},"excerpt":{"rendered":"<p>Se prev\u00e9 su instalaci\u00f3n en 2023. <\/p>\n","protected":false},"author":15,"featured_media":45923,"comment_status":"open","ping_status":"open","sticky":false,"template":"","format":"standard","meta":{"footnotes":""},"categories":[12],"tags":[],"class_list":{"0":"post-45922","1":"post","2":"type-post","3":"status-publish","4":"format-standard","5":"has-post-thumbnail","7":"category-actualidad-noticias-madrid"},"_links":{"self":[{"href":"https:\/\/www.vidademadrid.com\/es\/wp-json\/wp\/v2\/posts\/45922","targetHints":{"allow":["GET"]}}],"collection":[{"href":"https:\/\/www.vidademadrid.com\/es\/wp-json\/wp\/v2\/posts"}],"about":[{"href":"https:\/\/www.vidademadrid.com\/es\/wp-json\/wp\/v2\/types\/post"}],"author":[{"embeddable":true,"href":"https:\/\/www.vidademadrid.com\/es\/wp-json\/wp\/v2\/users\/15"}],"replies":[{"embeddable":true,"href":"https:\/\/www.vidademadrid.com\/es\/wp-json\/wp\/v2\/comments?post=45922"}],"version-history":[{"count":1,"href":"https:\/\/www.vidademadrid.com\/es\/wp-json\/wp\/v2\/posts\/45922\/revisions"}],"predecessor-version":[{"id":45924,"href":"https:\/\/www.vidademadrid.com\/es\/wp-json\/wp\/v2\/posts\/45922\/revisions\/45924"}],"wp:featuredmedia":[{"embeddable":true,"href":"https:\/\/www.vidademadrid.com\/es\/wp-json\/wp\/v2\/media\/45923"}],"wp:attachment":[{"href":"https:\/\/www.vidademadrid.com\/es\/wp-json\/wp\/v2\/media?parent=45922"}],"wp:term":[{"taxonomy":"category","embeddable":true,"href":"https:\/\/www.vidademadrid.com\/es\/wp-json\/wp\/v2\/categories?post=45922"},{"taxonomy":"post_tag","embeddable":true,"href":"https:\/\/www.vidademadrid.com\/es\/wp-json\/wp\/v2\/tags?post=45922"}],"curies":[{"name":"wp","href":"https:\/\/api.w.org\/{rel}","templated":true}]}}