{"id":45710,"date":"2022-10-24T11:48:13","date_gmt":"2022-10-24T09:48:13","guid":{"rendered":"https:\/\/www.vidademadrid.com\/es\/?p=45710"},"modified":"2022-10-24T17:35:10","modified_gmt":"2022-10-24T15:35:10","slug":"operacion-campamento-distrito-latina-2022","status":"publish","type":"post","link":"https:\/\/www.vidademadrid.com\/es\/45710\/operacion-campamento-distrito-latina-2022\/","title":{"rendered":"As\u00ed es la \u00abOperaci\u00f3n Campamento\u00bb que transformar\u00e1 el distrito de Latina"},"content":{"rendered":"<p>En este art\u00edculo te damos toda la informaci\u00f3n actualizada sobre la <strong>\u00abOperaci\u00f3n Campamento\u00bb,\u00a0<\/strong>que transformar\u00e1 el distrito de <strong>Latina\u00a0<\/strong>y lo convertir\u00e1 en el m\u00e1s poblado al construir\u00a0<strong>12 mil viviendas. <\/strong>Sigue leyendo para conocer todo sobre el proyecto y sus \u00faltimas novedades.<\/p>\n<h2>\u00bfQu\u00e9 es la \u00abOperaci\u00f3n Campamento\u00bb?<\/h2>\n<p><script async=\"\" src=\"https:\/\/pagead2.googlesyndication.com\/pagead\/js\/adsbygoogle.js\"><\/script> <ins class=\"adsbygoogle\" style=\"display: block;\" data-ad-format=\"fluid\" data-ad-layout-key=\"-7f+eo+1+2-5\" data-ad-client=\"ca-pub-7450064428034605\" data-ad-slot=\"7327027071\"><\/ins><script>(adsbygoogle = window.adsbygoogle || []).push({});<\/script><\/p>\n<p>La\u00a0<strong>\u00abOperaci\u00f3n Campamento\u00bb\u00a0<\/strong>es un proyecto urban\u00edstico que ha estado parado desde el\u00a0<strong>2005\u00a0<\/strong>y que el presidente del Gobierno, Pedro S\u00e1nchez, pretende desbloquear para construir <strong>12 mil viviendas\u00a0<\/strong>de las cuales el\u00a0<strong>60 por ciento\u00a0<\/strong>ser\u00e1n\u00a0<strong>viviendas p\u00fablicas.\u00a0<\/strong><\/p>\n<p>La construcci\u00f3n de estas viviendas ser\u00eda en la\u00a0<strong>zona militar en desuso\u00a0<\/strong>en el oeste de la capital. Sus viejos cuarteles comenzaron a ser demolidos en 2006. En 2012, el <strong>Ayuntamiento de Madrid\u00a0<\/strong>aprob\u00f3 el Plan Parcial de reforma Interior y en mayo del 2012 se ratific\u00f3 el plan definitivo para este convenio urban\u00edstico.<\/p>\n<p>Desde ese momento, el plan ha quedado parado, aunque tambi\u00e9n se intent\u00f3 volver a poner en marcha de la exalcaldesa de Madrid, <strong>Manuela Carmena, <\/strong>con un plan que propon\u00eda construir 11 mil viviendas pero que no sali\u00f3 adelante.\u00a0<\/p>\n<h2>Transformaci\u00f3n del distrito Latina\u00a0<\/h2>\n<p><script async=\"\" src=\"https:\/\/pagead2.googlesyndication.com\/pagead\/js\/adsbygoogle.js\"><\/script> <ins class=\"adsbygoogle\" style=\"display: block; text-align: center;\" data-ad-layout=\"in-article\" data-ad-format=\"fluid\" data-ad-client=\"ca-pub-7450064428034605\" data-ad-slot=\"5670045061\"><\/ins> <script>(adsbygoogle = window.adsbygoogle || []).push({});<\/script><\/p>\n<p><strong>Latina, <\/strong>uno de los tres distritos m\u00e1s poblados de Madrid, es el principal protagonista de de la\u00a0<strong>\u00abOperaci\u00f3n Campamento\u00bb.\u00a0<\/strong>Actualmente tiene una poblaci\u00f3n de\u00a0<strong>240 mil 155 habitantes\u00a0<\/strong>y, despu\u00e9s de la ejecuci\u00f3n de esta operaci\u00f3n, podr\u00e1n residir hasta <strong>50 mil\u00a0<\/strong>vecinos m\u00e1s.\u00a0<\/p>\n<p>De acuerdo con La Raz\u00f3n, los vecinos de este distrito han expresado su preocupaci\u00f3n de que la infraestructura para atender las necesidades de casi\u00a0<strong>300 mil personas<\/strong> al convertirse en un superdistrito al construir <strong>m\u00e1s de 10 mil viviendas m\u00e1s<\/strong>.<\/p>\n\n\n<p><\/p>\n","protected":false},"excerpt":{"rendered":"<p>Podr\u00e1n residir hasta 50 mil\u00a0vecinos m\u00e1s en el distrito Latina<\/p>\n","protected":false},"author":15,"featured_media":45747,"comment_status":"open","ping_status":"open","sticky":false,"template":"","format":"standard","meta":{"footnotes":""},"categories":[12],"tags":[],"class_list":{"0":"post-45710","1":"post","2":"type-post","3":"status-publish","4":"format-standard","5":"has-post-thumbnail","7":"category-actualidad-noticias-madrid"},"_links":{"self":[{"href":"https:\/\/www.vidademadrid.com\/es\/wp-json\/wp\/v2\/posts\/45710","targetHints":{"allow":["GET"]}}],"collection":[{"href":"https:\/\/www.vidademadrid.com\/es\/wp-json\/wp\/v2\/posts"}],"about":[{"href":"https:\/\/www.vidademadrid.com\/es\/wp-json\/wp\/v2\/types\/post"}],"author":[{"embeddable":true,"href":"https:\/\/www.vidademadrid.com\/es\/wp-json\/wp\/v2\/users\/15"}],"replies":[{"embeddable":true,"href":"https:\/\/www.vidademadrid.com\/es\/wp-json\/wp\/v2\/comments?post=45710"}],"version-history":[{"count":6,"href":"https:\/\/www.vidademadrid.com\/es\/wp-json\/wp\/v2\/posts\/45710\/revisions"}],"predecessor-version":[{"id":45751,"href":"https:\/\/www.vidademadrid.com\/es\/wp-json\/wp\/v2\/posts\/45710\/revisions\/45751"}],"wp:featuredmedia":[{"embeddable":true,"href":"https:\/\/www.vidademadrid.com\/es\/wp-json\/wp\/v2\/media\/45747"}],"wp:attachment":[{"href":"https:\/\/www.vidademadrid.com\/es\/wp-json\/wp\/v2\/media?parent=45710"}],"wp:term":[{"taxonomy":"category","embeddable":true,"href":"https:\/\/www.vidademadrid.com\/es\/wp-json\/wp\/v2\/categories?post=45710"},{"taxonomy":"post_tag","embeddable":true,"href":"https:\/\/www.vidademadrid.com\/es\/wp-json\/wp\/v2\/tags?post=45710"}],"curies":[{"name":"wp","href":"https:\/\/api.w.org\/{rel}","templated":true}]}}