{"id":45599,"date":"2022-10-19T07:45:26","date_gmt":"2022-10-19T05:45:26","guid":{"rendered":"https:\/\/www.vidademadrid.com\/es\/?p=45599"},"modified":"2022-10-19T20:25:17","modified_gmt":"2022-10-19T18:25:17","slug":"nuevo-autobus-prioritario-madrid-caracteristicas-inauguracion","status":"publish","type":"post","link":"https:\/\/www.vidademadrid.com\/es\/45599\/nuevo-autobus-prioritario-madrid-caracteristicas-inauguracion\/","title":{"rendered":"As\u00ed es el nuevo bus prioritario de Madrid"},"content":{"rendered":"\n<p>Madrid propone un nuevo sistema de autob\u00fas 100% el\u00e9ctrico y con prioridad en los sem\u00e1foros. Conectar\u00e1 la zona sur y estar\u00e1 presente en Madrid Nuevo Norte. En este art\u00edculo te contamos todo sobre este nuevo autob\u00fas y sus caracter\u00edsticas innovadoras.&nbsp;<\/p>\n\n\n\n<h2 class=\"wp-block-heading\">Nuevo autob\u00fas prioritario de Madrid&nbsp;<\/h2>\n\n\n\n<script async=\"\" src=\"https:\/\/pagead2.googlesyndication.com\/pagead\/js\/adsbygoogle.js\"><\/script> <ins class=\"adsbygoogle\" style=\"display:block\" data-ad-format=\"fluid\" data-ad-layout-key=\"-7f+eo+1+2-5\" data-ad-client=\"ca-pub-7450064428034605\" data-ad-slot=\"7327027071\"><\/ins><script>(adsbygoogle = window.adsbygoogle || []).push({});<\/script>\n\n\n\n<p>Este nuevo autob\u00fas tendr\u00e1 <strong>preferencia en los sem\u00e1foros,<\/strong> ser\u00e1<strong> 100% el\u00e9ctrico, <\/strong>circular\u00e1 por<strong> plataformas exclusivas <\/strong>y tendr\u00e1 una <strong>frecuencia de entre 3 y 10 minutos<\/strong>. El objetivo de este nuevo veh\u00edculo es conectar los nuevos desarrollos del sureste de la regi\u00f3n (-El Ca\u00f1averal, Los Cerros, Los Ahijones, Los Berrocales, PAU de Vallecas y Valdecarros) y dotar a Madrid Nuevo Norte de transporte p\u00fablico de \u00faltima generaci\u00f3n.<\/p>\n\n\n\n<p>La presentaci\u00f3n de este nuevo medio de transporte tuvo lugar ayer, martes 18 de octubre. La presidenta de la Comunidad de Madrid, Isabel Diaz Ayuso, dio a conocer el modelos modelo Irizar ie tram, de la empresa De Blas (Grupo Arriva), de 18 metros de longitud, articulado y 100% el\u00e9ctrico, con caracter\u00edsticas similares a las de Metro Ligero.&nbsp;<\/p>\n\n\n\n<p>Y&#8230; \u00bfcu\u00e1ndo estar\u00e1 listo este nuevo autob\u00fas? Aunque a\u00fan no sepamos una fecha exacta, tal y como ha informado Isabel D\u00edaz Ayuso, los plazos para que est\u00e9 listo ser\u00e1n menores que los de Metro y Metro Ligero. Se estima que entrar\u00e1 en funcionamiento <strong>a partir de 2029<\/strong>. &nbsp;<\/p>\n\n\n\n<figure class=\"wp-block-embed is-type-rich is-provider-twitter wp-block-embed-twitter\"><div class=\"wp-block-embed__wrapper\">\n<blockquote class=\"twitter-tweet\" data-width=\"550\" data-dnt=\"true\"><p lang=\"es\" dir=\"ltr\">Presentamos el Bus de Uso Prioritario, que une lo mejor del Metro y el autob\u00fas.<br><br>Empezar\u00e1 en los nuevos desarrollos urban\u00edsticos de Madrid. Son c\u00f3modos, r\u00e1pidos y modernos.<br><br>El transporte p\u00fablico de Madrid est\u00e1 siempre a la vanguardia en Espa\u00f1a. <a href=\"https:\/\/t.co\/DZ4FS3SrK0\">pic.twitter.com\/DZ4FS3SrK0<\/a><\/p>&mdash; Isabel D\u00edaz Ayuso (@IdiazAyuso) <a href=\"https:\/\/twitter.com\/IdiazAyuso\/status\/1582318855757524992?ref_src=twsrc%5Etfw\">October 18, 2022<\/a><\/blockquote><script async src=\"https:\/\/platform.twitter.com\/widgets.js\" charset=\"utf-8\"><\/script>\n<\/div><\/figure>\n\n\n\n<h2 class=\"wp-block-heading\">Caracter\u00edsticas del nuevo autob\u00fas prioritario<\/h2>\n\n\n\n<script async=\"\" src=\"https:\/\/pagead2.googlesyndication.com\/pagead\/js\/adsbygoogle.js\"><\/script> <ins class=\"adsbygoogle\" style=\"display:block; text-align:center;\" data-ad-layout=\"in-article\" data-ad-format=\"fluid\" data-ad-client=\"ca-pub-7450064428034605\" data-ad-slot=\"5670045061\"><\/ins> <script>(adsbygoogle = window.adsbygoogle || []).push({});<\/script>\n\n\n\n<p>Esta nueva propuesta de autob\u00fas innovador y responsable con el medio ambiente:<\/p>\n\n\n\n<ul class=\"wp-block-list\"><li>Tiene preferencia en los sem\u00e1foros<\/li><li>Es 100% el\u00e9ctrico<\/li><li>Alcanza una velocidad de entre 15 y 30 km\/h<\/li><li>Dispone de una capacidad para 155 pasajeros<\/li><li>Cuenta con 4 puertas de acceso para optimizar los tiempos de parada en los puntos intermedios de la ruta<\/li><li>Permite paradas entre 300 y 500 metros de distancia<\/li><\/ul>\n\n\n\n<p>Adem\u00e1s, para acceder a \u00e9l podr\u00e1s tener el t\u00edtulo o billete correspondiente de forma virtual y pagar sin contacto. Adem\u00e1s, podr\u00e1s recargar en el propio autob\u00fas.<\/p>\n","protected":false},"excerpt":{"rendered":"<p>El\u00e9ctrico, con plataformas exclusivas y frecuencias entre 3 y 10 minutos <\/p>\n","protected":false},"author":13,"featured_media":45602,"comment_status":"open","ping_status":"open","sticky":false,"template":"","format":"standard","meta":{"footnotes":""},"categories":[12,187,119,23],"tags":[],"class_list":{"0":"post-45599","1":"post","2":"type-post","3":"status-publish","4":"format-standard","5":"has-post-thumbnail","7":"category-actualidad-noticias-madrid","8":"category-madrid-hoy","9":"category-portada","10":"category-transportes-huelgas-madrid"},"_links":{"self":[{"href":"https:\/\/www.vidademadrid.com\/es\/wp-json\/wp\/v2\/posts\/45599","targetHints":{"allow":["GET"]}}],"collection":[{"href":"https:\/\/www.vidademadrid.com\/es\/wp-json\/wp\/v2\/posts"}],"about":[{"href":"https:\/\/www.vidademadrid.com\/es\/wp-json\/wp\/v2\/types\/post"}],"author":[{"embeddable":true,"href":"https:\/\/www.vidademadrid.com\/es\/wp-json\/wp\/v2\/users\/13"}],"replies":[{"embeddable":true,"href":"https:\/\/www.vidademadrid.com\/es\/wp-json\/wp\/v2\/comments?post=45599"}],"version-history":[{"count":4,"href":"https:\/\/www.vidademadrid.com\/es\/wp-json\/wp\/v2\/posts\/45599\/revisions"}],"predecessor-version":[{"id":45604,"href":"https:\/\/www.vidademadrid.com\/es\/wp-json\/wp\/v2\/posts\/45599\/revisions\/45604"}],"wp:featuredmedia":[{"embeddable":true,"href":"https:\/\/www.vidademadrid.com\/es\/wp-json\/wp\/v2\/media\/45602"}],"wp:attachment":[{"href":"https:\/\/www.vidademadrid.com\/es\/wp-json\/wp\/v2\/media?parent=45599"}],"wp:term":[{"taxonomy":"category","embeddable":true,"href":"https:\/\/www.vidademadrid.com\/es\/wp-json\/wp\/v2\/categories?post=45599"},{"taxonomy":"post_tag","embeddable":true,"href":"https:\/\/www.vidademadrid.com\/es\/wp-json\/wp\/v2\/tags?post=45599"}],"curies":[{"name":"wp","href":"https:\/\/api.w.org\/{rel}","templated":true}]}}