{"id":45574,"date":"2022-10-18T11:34:19","date_gmt":"2022-10-18T09:34:19","guid":{"rendered":"https:\/\/www.vidademadrid.com\/es\/?p=45574"},"modified":"2022-10-18T11:34:34","modified_gmt":"2022-10-18T09:34:34","slug":"intervencion-poligono-marconi-distrito-villaverde-2022","status":"publish","type":"post","link":"https:\/\/www.vidademadrid.com\/es\/45574\/intervencion-poligono-marconi-distrito-villaverde-2022\/","title":{"rendered":"Comienza la intervenci\u00f3n del Pol\u00edgono Marconi en el distrito de Villaverde"},"content":{"rendered":"<p>El&nbsp;<strong>proyecto de arte urbano&nbsp;<\/strong>que se desarrollar\u00e1 para transformar el&nbsp;<strong>Pol\u00edgono Marconi&nbsp;<\/strong>y la zona en la que se encuentra dentro del distrito de Villaverde a trav\u00e9s de&nbsp;<strong>cinco murales y dos escultores.&nbsp;<\/strong>Te contamos toda la informaci\u00f3n en este art\u00edculo.&nbsp;<\/p>\n<h2>Transformaci\u00f3n del Pol\u00edgono Marconi&nbsp;<\/h2>\n\n<script async=\"\" src=\"https:\/\/pagead2.googlesyndication.com\/pagead\/js\/adsbygoogle.js\"><\/script> <ins class=\"adsbygoogle\" style=\"display:block\" data-ad-format=\"fluid\" data-ad-layout-key=\"-7f+eo+1+2-5\" data-ad-client=\"ca-pub-7450064428034605\" data-ad-slot=\"7327027071\"><\/ins><script>(adsbygoogle = window.adsbygoogle || []).push({});<\/script>\n\n\n<p>El&nbsp;<strong>Ayuntamiento de Madrid&nbsp;<\/strong>ha presentado el proyecto de&nbsp;<strong>reconstrucci\u00f3n social, recuperaci\u00f3n econ\u00f3mica y empleo&nbsp;<\/strong>a trav\u00e9s del arte que se llevar\u00e1 a cabo en el&nbsp;<strong>distrito de Villaverde.&nbsp;<\/strong>Este proyecto de arte urbano se desarrollar\u00e1 en el&nbsp;<strong>Pol\u00edgono Marconi.&nbsp;<\/strong><\/p>\n<p>El inicio de este proyecto se lleva a cabo a trav\u00e9s de la ejecuci\u00f3n de obras de arte urbano en&nbsp;<strong>muros, fachadas y otros espacios del pol\u00edgono&nbsp;<\/strong>y que busca asemejarse a la intervenci\u00f3n realizada en 2013 en Wynwood, Miami.&nbsp;<\/p>\n<h2>Obras en el Pol\u00edgono Marconi&nbsp;<\/h2>\n\n<script async=\"\" src=\"https:\/\/pagead2.googlesyndication.com\/pagead\/js\/adsbygoogle.js\"><\/script> <ins class=\"adsbygoogle\" style=\"display:block; text-align:center;\" data-ad-layout=\"in-article\" data-ad-format=\"fluid\" data-ad-client=\"ca-pub-7450064428034605\" data-ad-slot=\"5670045061\"><\/ins> <script>(adsbygoogle = window.adsbygoogle || []).push({});<\/script>\n\n<p>Las&nbsp;<strong>primeras obras&nbsp;<\/strong>que se llevar\u00e1n a cabo en el&nbsp;<strong>Pol\u00edgono Marconi&nbsp;<\/strong>ser\u00e1n siete:&nbsp;<strong>cinco murales y dos esculturas,&nbsp;<\/strong>que ser\u00e1n realizadas por los ganadores del&nbsp;<strong>Concurso Internacional de Arte Urbano&nbsp;<\/strong>que el&nbsp;<strong>Foro de Empresas por Madrid&nbsp;<\/strong>convoc\u00f3 en 2021. Estos 7 ganadores se han elegido entre los 18 finalistas.&nbsp;<\/p>\n<p>La recuperaci\u00f3n de este espacio tambi\u00e9n albergar\u00e1 proyectos relacionados con la m\u00fasica como estudios de grabaci\u00f3n, locales de ensayo, promotores de conciertos y mucho m\u00e1s. Estas actividades girar\u00e1n en torno al retorno del festival <a href=\"https:\/\/www.vidademadrid.com\/es\/43418\/mad-cool-2023-en-villaverde-donde\/\">Mad Cool<\/a> al distrito.&nbsp;<\/p>\n\n\n<p><\/p>\n","protected":false},"excerpt":{"rendered":"<p>Habr\u00e1 cinco murales y dos esculturas. <\/p>\n","protected":false},"author":15,"featured_media":45575,"comment_status":"open","ping_status":"open","sticky":false,"template":"","format":"standard","meta":{"footnotes":""},"categories":[12,119],"tags":[],"class_list":{"0":"post-45574","1":"post","2":"type-post","3":"status-publish","4":"format-standard","5":"has-post-thumbnail","7":"category-actualidad-noticias-madrid","8":"category-portada"},"_links":{"self":[{"href":"https:\/\/www.vidademadrid.com\/es\/wp-json\/wp\/v2\/posts\/45574","targetHints":{"allow":["GET"]}}],"collection":[{"href":"https:\/\/www.vidademadrid.com\/es\/wp-json\/wp\/v2\/posts"}],"about":[{"href":"https:\/\/www.vidademadrid.com\/es\/wp-json\/wp\/v2\/types\/post"}],"author":[{"embeddable":true,"href":"https:\/\/www.vidademadrid.com\/es\/wp-json\/wp\/v2\/users\/15"}],"replies":[{"embeddable":true,"href":"https:\/\/www.vidademadrid.com\/es\/wp-json\/wp\/v2\/comments?post=45574"}],"version-history":[{"count":1,"href":"https:\/\/www.vidademadrid.com\/es\/wp-json\/wp\/v2\/posts\/45574\/revisions"}],"predecessor-version":[{"id":45576,"href":"https:\/\/www.vidademadrid.com\/es\/wp-json\/wp\/v2\/posts\/45574\/revisions\/45576"}],"wp:featuredmedia":[{"embeddable":true,"href":"https:\/\/www.vidademadrid.com\/es\/wp-json\/wp\/v2\/media\/45575"}],"wp:attachment":[{"href":"https:\/\/www.vidademadrid.com\/es\/wp-json\/wp\/v2\/media?parent=45574"}],"wp:term":[{"taxonomy":"category","embeddable":true,"href":"https:\/\/www.vidademadrid.com\/es\/wp-json\/wp\/v2\/categories?post=45574"},{"taxonomy":"post_tag","embeddable":true,"href":"https:\/\/www.vidademadrid.com\/es\/wp-json\/wp\/v2\/tags?post=45574"}],"curies":[{"name":"wp","href":"https:\/\/api.w.org\/{rel}","templated":true}]}}