{"id":45512,"date":"2022-10-14T13:25:15","date_gmt":"2022-10-14T11:25:15","guid":{"rendered":"https:\/\/www.vidademadrid.com\/es\/?p=45512"},"modified":"2022-10-14T13:25:23","modified_gmt":"2022-10-14T11:25:23","slug":"festival-fiesta-corral-cervantes-programa-entrada-2022","status":"publish","type":"post","link":"https:\/\/www.vidademadrid.com\/es\/45512\/festival-fiesta-corral-cervantes-programa-entrada-2022\/","title":{"rendered":"Vuelve el Festival Fiesta Corral Cervantes con lo mejor del Siglo de Oro"},"content":{"rendered":"<p>El&nbsp;<strong>Corral Cervantes&nbsp;<\/strong>vuelve en su&nbsp;<strong>VI edici\u00f3n&nbsp;<\/strong>con una programaci\u00f3n de artes esc\u00e9nicas del <strong>Siglo de Oro<\/strong> que durar\u00e1 <strong>48 d\u00edas&nbsp;<\/strong>y tendr\u00e1 m\u00e1s de&nbsp;<strong>80 funciones<\/strong> de m\u00e1s de <strong>24 compa\u00f1\u00edas<\/strong>. Te contamos toda la informaci\u00f3n en este art\u00edculo.&nbsp;<\/p>\n<h2>VI Festival Fiesta Corral Cervantes<\/h2>\n<p><script async=\"\" src=\"https:\/\/pagead2.googlesyndication.com\/pagead\/js\/adsbygoogle.js\"><\/script> <ins class=\"adsbygoogle\" style=\"display:block\" data-ad-format=\"fluid\" data-ad-layout-key=\"-7f+eo+1+2-5\" data-ad-client=\"ca-pub-7450064428034605\" data-ad-slot=\"7327027071\"><\/ins><script>(adsbygoogle = window.adsbygoogle || []).push({});<\/script>El&nbsp;<strong>Corral Cervantes&nbsp;<\/strong>ofrecer\u00e1&nbsp;<strong>27 espect\u00e1culos distintos&nbsp;<\/strong>en los que llegar\u00e1 a las&nbsp;<strong>83 funciones&nbsp;<\/strong>de&nbsp;<strong>24 compa\u00f1\u00edas&nbsp;<\/strong>de distintas comunidades. En el programa de este a\u00f1o, que se celebra la&nbsp;<strong>VI edici\u00f3n&nbsp;<\/strong>de este festival, habr\u00e1 <strong>espect\u00e1culos de teatro, teatro familiar, el III Concurso AraganzuelOROS, m\u00fasica&nbsp;<\/strong>y mucho m\u00e1s.&nbsp;<\/p>\n<p>El acto inaugural ser\u00e1 el&nbsp;<strong>1 de noviembre&nbsp;<\/strong>y los espect\u00e1culos durar\u00e1n hasta el&nbsp;<strong>18 de diciembre.&nbsp;<\/strong>El aforo del&nbsp;<strong>Corral Cervantes&nbsp;<\/strong>ser\u00e1 de&nbsp;<strong>656 espectadores&nbsp;<\/strong>y se encuentra en el&nbsp;<strong>Parque Madrid R\u00edo,&nbsp;<\/strong>en el Paseo de la Chopera frente al Palacio de Cristal de Arganzuela.&nbsp;<\/p>\n<h2>Festival Fiesta Corral Cervantes: programa<\/h2>\n<p><script async=\"\" src=\"https:\/\/pagead2.googlesyndication.com\/pagead\/js\/adsbygoogle.js\"><\/script> <ins class=\"adsbygoogle\" style=\"display:block; text-align:center;\" data-ad-layout=\"in-article\" data-ad-format=\"fluid\" data-ad-client=\"ca-pub-7450064428034605\" data-ad-slot=\"5670045061\"><\/ins> <script>(adsbygoogle = window.adsbygoogle || []).push({});<\/script>Este a\u00f1o, el&nbsp;<strong>Festival Fiesta Corral Cervantes&nbsp;<\/strong>acoger\u00e1&nbsp;<strong>27 espect\u00e1culos distintos&nbsp;<\/strong>que ser\u00e1n&nbsp;<strong>17 del Teatro del Siglo de Oro, 2 de m\u00fasica y poes\u00eda, 5 del Concurso Aranzueloros, 2 espect\u00e1culos de Teatro Familia y 1 inclusivo.&nbsp;<\/strong>De estos espect\u00e1culos habr\u00e1 83 funciones que ser\u00e1n: So\u00f1ando Dulcinea, La canci\u00f3n del viejo mundo, Querella de Lope y las mujeres, La Malcasada, Carnaval Barroco, la P\u00edcara de Cervantes y mucho m\u00e1s.&nbsp;<\/p>\n<p>Puedes conocer el programa completo y comprar tus entradas en este <a href=\"https:\/\/corralcervantes.entradas.plus\/entradas\/listaEventos\">enlace<\/a>.&nbsp;<\/p>\n","protected":false},"excerpt":{"rendered":"<p>Habr\u00e1 actuaciones teatrales, teatro familiar, m\u00fasica y m\u00e1s. <\/p>\n","protected":false},"author":15,"featured_media":45513,"comment_status":"open","ping_status":"open","sticky":false,"template":"","format":"standard","meta":{"footnotes":""},"categories":[111],"tags":[],"class_list":{"0":"post-45512","1":"post","2":"type-post","3":"status-publish","4":"format-standard","5":"has-post-thumbnail","7":"category-exposiciones-madrid"},"_links":{"self":[{"href":"https:\/\/www.vidademadrid.com\/es\/wp-json\/wp\/v2\/posts\/45512","targetHints":{"allow":["GET"]}}],"collection":[{"href":"https:\/\/www.vidademadrid.com\/es\/wp-json\/wp\/v2\/posts"}],"about":[{"href":"https:\/\/www.vidademadrid.com\/es\/wp-json\/wp\/v2\/types\/post"}],"author":[{"embeddable":true,"href":"https:\/\/www.vidademadrid.com\/es\/wp-json\/wp\/v2\/users\/15"}],"replies":[{"embeddable":true,"href":"https:\/\/www.vidademadrid.com\/es\/wp-json\/wp\/v2\/comments?post=45512"}],"version-history":[{"count":3,"href":"https:\/\/www.vidademadrid.com\/es\/wp-json\/wp\/v2\/posts\/45512\/revisions"}],"predecessor-version":[{"id":45516,"href":"https:\/\/www.vidademadrid.com\/es\/wp-json\/wp\/v2\/posts\/45512\/revisions\/45516"}],"wp:featuredmedia":[{"embeddable":true,"href":"https:\/\/www.vidademadrid.com\/es\/wp-json\/wp\/v2\/media\/45513"}],"wp:attachment":[{"href":"https:\/\/www.vidademadrid.com\/es\/wp-json\/wp\/v2\/media?parent=45512"}],"wp:term":[{"taxonomy":"category","embeddable":true,"href":"https:\/\/www.vidademadrid.com\/es\/wp-json\/wp\/v2\/categories?post=45512"},{"taxonomy":"post_tag","embeddable":true,"href":"https:\/\/www.vidademadrid.com\/es\/wp-json\/wp\/v2\/tags?post=45512"}],"curies":[{"name":"wp","href":"https:\/\/api.w.org\/{rel}","templated":true}]}}