{"id":45473,"date":"2022-10-13T10:20:43","date_gmt":"2022-10-13T08:20:43","guid":{"rendered":"https:\/\/www.vidademadrid.com\/es\/?p=45473"},"modified":"2022-10-19T20:06:50","modified_gmt":"2022-10-19T18:06:50","slug":"tienda-grande-futbol-europa-ubicacion-madrid","status":"publish","type":"post","link":"https:\/\/www.vidademadrid.com\/es\/45473\/tienda-grande-futbol-europa-ubicacion-madrid\/","title":{"rendered":"La tienda de f\u00fatbol m\u00e1s grande de Europa abre en Madrid"},"content":{"rendered":"<p><strong>F\u00fatbol Emotion&nbsp;<\/strong>abrir\u00e1 en Madrid la&nbsp;<strong>tienda m\u00e1s grande de Europa&nbsp;<\/strong>especializada en&nbsp;<strong>art\u00edculos de f\u00fatbol.&nbsp;<\/strong>Tendr\u00e1 una superficie de m\u00e1s de&nbsp;<strong>mil 500 metros cuadrados.&nbsp;<\/strong>Te contamos toda la informaci\u00f3n en este art\u00edculo.&nbsp;<\/p>\n<h2>Tienda m\u00e1s grande de f\u00fatbol en Europa<\/h2>\n<p><script async=\"\" src=\"https:\/\/pagead2.googlesyndication.com\/pagead\/js\/adsbygoogle.js\"><\/script> <ins class=\"adsbygoogle\" style=\"display:block\" data-ad-format=\"fluid\" data-ad-layout-key=\"-7f+eo+1+2-5\" data-ad-client=\"ca-pub-7450064428034605\" data-ad-slot=\"7327027071\"><\/ins><script>(adsbygoogle = window.adsbygoogle || []).push({});<\/script>La nueva tienda de la cadena&nbsp;<strong>F\u00fatbol Emotion,&nbsp;<\/strong>ser\u00e1 la m\u00e1s grande de Europa especializada en&nbsp;<strong>art\u00edculos de f\u00fatbol.&nbsp;<\/strong>El establecimiento tendr\u00e1 una superficie de&nbsp;<strong>mil 500 metros cuadrados&nbsp;<\/strong>y tendr\u00e1 un&nbsp;<strong>campo de f\u00fatbol y&nbsp;<em>gaming&nbsp;<\/em><\/strong>para que los clientes se puedan probar las botas. Adem\u00e1s, habr\u00e1 un \u00e1rea con todas las camisetas internacionales del mundo y con moda&nbsp;<em>lifestyle.&nbsp;<\/em><\/p>\n<p>En el establecimiento se podr\u00e1n personalizar los productos que se adquieran en el local, que podr\u00e1n ser&nbsp;<strong>botas de f\u00fatbol, camisetas, guantes, accesorios de entrenamiento, zapatillas de f\u00fatbol sala <\/strong>y&nbsp;<strong>equipo de entrenamiento.&nbsp;<\/strong><\/p>\n<h2>Inauguraci\u00f3n de la F\u00fatbol Emotion<\/h2>\n<p><script async=\"\" src=\"https:\/\/pagead2.googlesyndication.com\/pagead\/js\/adsbygoogle.js\"><\/script> <ins class=\"adsbygoogle\" style=\"display:block; text-align:center;\" data-ad-layout=\"in-article\" data-ad-format=\"fluid\" data-ad-client=\"ca-pub-7450064428034605\" data-ad-slot=\"5670045061\"><\/ins> <script>(adsbygoogle = window.adsbygoogle || []).push({});<\/script>La nueva tienda&nbsp;<strong>F\u00fatbol Emotion,&nbsp;<\/strong>que se convertir\u00e1 en la m\u00e1s grande de Europa, abrir\u00e1 el <strong>viernes 14 de octubre&nbsp;<\/strong>y est\u00e1 ubicada en el&nbsp;<strong>Centro Comercial Parque Oeste de Alcorc\u00f3n.&nbsp;<\/strong><\/p>\n<p>Durante su inauguraci\u00f3n, los asistentes podr\u00e1n llevarse distintos premios. Todas las compras que se realicen durante el d\u00eda tendr\u00e1n&nbsp;<strong>premio,&nbsp;<\/strong>habr\u00e1 sorteos de productos como camisetas, balones y ropa deportiva y al comprar productos oficiales de la selecci\u00f3n espa\u00f1ola entrar\u00e1s al sorteo de un <strong>viaje a Qatar 2022.&nbsp;<\/strong>Adem\u00e1s, todos los asistentes entrar\u00e1n al sorteo de una entrada doble para el cl\u00e1sico.&nbsp;<\/p>\n","protected":false},"excerpt":{"rendered":"<p>En su inauguraci\u00f3n se regalar\u00e1 una entrada doble al Cl\u00e1sico y un viaje a Qatar. <\/p>\n","protected":false},"author":15,"featured_media":45474,"comment_status":"open","ping_status":"open","sticky":false,"template":"","format":"standard","meta":{"footnotes":""},"categories":[187,27],"tags":[],"class_list":{"0":"post-45473","1":"post","2":"type-post","3":"status-publish","4":"format-standard","5":"has-post-thumbnail","7":"category-madrid-hoy","8":"category-tiendas-madrid"},"_links":{"self":[{"href":"https:\/\/www.vidademadrid.com\/es\/wp-json\/wp\/v2\/posts\/45473","targetHints":{"allow":["GET"]}}],"collection":[{"href":"https:\/\/www.vidademadrid.com\/es\/wp-json\/wp\/v2\/posts"}],"about":[{"href":"https:\/\/www.vidademadrid.com\/es\/wp-json\/wp\/v2\/types\/post"}],"author":[{"embeddable":true,"href":"https:\/\/www.vidademadrid.com\/es\/wp-json\/wp\/v2\/users\/15"}],"replies":[{"embeddable":true,"href":"https:\/\/www.vidademadrid.com\/es\/wp-json\/wp\/v2\/comments?post=45473"}],"version-history":[{"count":2,"href":"https:\/\/www.vidademadrid.com\/es\/wp-json\/wp\/v2\/posts\/45473\/revisions"}],"predecessor-version":[{"id":45476,"href":"https:\/\/www.vidademadrid.com\/es\/wp-json\/wp\/v2\/posts\/45473\/revisions\/45476"}],"wp:featuredmedia":[{"embeddable":true,"href":"https:\/\/www.vidademadrid.com\/es\/wp-json\/wp\/v2\/media\/45474"}],"wp:attachment":[{"href":"https:\/\/www.vidademadrid.com\/es\/wp-json\/wp\/v2\/media?parent=45473"}],"wp:term":[{"taxonomy":"category","embeddable":true,"href":"https:\/\/www.vidademadrid.com\/es\/wp-json\/wp\/v2\/categories?post=45473"},{"taxonomy":"post_tag","embeddable":true,"href":"https:\/\/www.vidademadrid.com\/es\/wp-json\/wp\/v2\/tags?post=45473"}],"curies":[{"name":"wp","href":"https:\/\/api.w.org\/{rel}","templated":true}]}}