{"id":45453,"date":"2022-10-11T15:01:39","date_gmt":"2022-10-11T13:01:39","guid":{"rendered":"https:\/\/www.vidademadrid.com\/es\/?p=45453"},"modified":"2022-10-19T20:07:06","modified_gmt":"2022-10-19T18:07:06","slug":"palos-de-moguer-palos-de-la-frontera-cambio-nombre","status":"publish","type":"post","link":"https:\/\/www.vidademadrid.com\/es\/45453\/palos-de-moguer-palos-de-la-frontera-cambio-nombre\/","title":{"rendered":"Un barrio de Madrid cambia de nombre oficialmente"},"content":{"rendered":"\n<p>Se trata del <strong>barrio de Palos de Moguer<\/strong>, en Arganzuela. Su actual nombre no responde adecuadamente a la realidad hist\u00f3rica y por eso se ha anunciado su cambio oficial. Te lo contamos todo en este art\u00edculo.<\/p>\n\n\n\n<h2 class=\"wp-block-heading\">El barrio Palos de Moguer y su historia<\/h2>\n\n\n\n<script async src=\"https:\/\/pagead2.googlesyndication.com\/pagead\/js\/adsbygoogle.js\"><\/script> <ins class=\"adsbygoogle\"  style=\"display:block\" data-ad-format=\"fluid\" data-ad-layout-key=\"-7f+eo+1+2-5\" data-ad-client=\"ca-pub-7450064428034605\" data-ad-slot=\"7327027071\"><\/ins><script>(adsbygoogle = window.adsbygoogle || []).push({});<\/script>\n\n\n\n\n<p>El barrio <strong>Palos de Moguer<\/strong>, ubicado en el distrito de Arganzuela muy cerca de Atocha, se llamar\u00e1 a partir de ahora <strong>Palos de la Frontera<\/strong>. Pero, \u00bfA qu\u00e9 se debe este cambio?<\/p>\n\n\n\n<p>Antes de dar respuesta a esta pregunta, es necesario entender los or\u00edgenes del nombre del barrio. Nos transportamos a finales del siglo XIX, \u00e9poca en la que fue trazada la calle de Palos de Moguer. A partir de ese momento y siguiendo un orden cronol\u00f3gico:<\/p>\n\n\n\n<ul class=\"wp-block-list\"><li>En 1947 se inaugura la estaci\u00f3n de metro de este barrio y se le da el mismo nombre de la calle.<\/li><li>En 1971 se define el barrio con el nombre de Palos de Moguer<\/li><li>En 1979 se corrigi\u00f3 el nombre de la calle y pas\u00f3 a llamarse Palos de la Frontera<\/li><li>En 1986 se cambi\u00f3 el nombre de la estaci\u00f3n de metro<\/li><\/ul>\n\n\n\n<h2 class=\"wp-block-heading\">El Barrio Palos de Moguer cambia de nombre a Palos de la Frontera&nbsp;<\/h2>\n\n\n\n<script async src=\"https:\/\/pagead2.googlesyndication.com\/pagead\/js\/adsbygoogle.js\"><\/script> <ins class=\"adsbygoogle\" style=\"display:block; text-align:center;\" data-ad-layout=\"in-article\" data-ad-format=\"fluid\" data-ad-client=\"ca-pub-7450064428034605\" data-ad-slot=\"5670045061\"><\/ins> <script>(adsbygoogle = window.adsbygoogle || []).push({});<\/script>\n\n\n\n\n<p>A pesar de los cambios, el barrio segu\u00eda estando bajo el nombre de Palos de Moguer hasta ahora, que ha pasado a llamarse oficialmente: <strong>Palos de la Frontera<\/strong>. Pero, <strong>\u00bfA qu\u00e9 se debe este cambio?<\/strong><\/p>\n\n\n\n<p>Lo cierto es que en realidad la denominaci\u00f3n hist\u00f3rica del municipio era \u201cPalos\u201d hasta que, a mediados del siglo XVI, los Cronistas de Indias confunden el nombre de esta localidad y el de la vecina \u201cMoguer\u201d y comienzan a utilizar: \u201cPalos de Moguer\u201d.&nbsp;Por ello, el 25 de mayo de 1642 el concejo municipal de Palos decidi\u00f3 adoptar el nombre de Palos de la Frontera y tratar de evitar la denominaci\u00f3n incorrecta que lo vinculaba a Moguer. Ahora se recupera esta historia y se ha anunciado un cambio oficial de nombre a Palos de la Frontera.&nbsp;<\/p>\n","protected":false},"excerpt":{"rendered":"<p>En el distrito de Arganzuela <\/p>\n","protected":false},"author":13,"featured_media":45454,"comment_status":"open","ping_status":"open","sticky":false,"template":"","format":"standard","meta":{"footnotes":""},"categories":[12,187],"tags":[],"class_list":{"0":"post-45453","1":"post","2":"type-post","3":"status-publish","4":"format-standard","5":"has-post-thumbnail","7":"category-actualidad-noticias-madrid","8":"category-madrid-hoy"},"_links":{"self":[{"href":"https:\/\/www.vidademadrid.com\/es\/wp-json\/wp\/v2\/posts\/45453","targetHints":{"allow":["GET"]}}],"collection":[{"href":"https:\/\/www.vidademadrid.com\/es\/wp-json\/wp\/v2\/posts"}],"about":[{"href":"https:\/\/www.vidademadrid.com\/es\/wp-json\/wp\/v2\/types\/post"}],"author":[{"embeddable":true,"href":"https:\/\/www.vidademadrid.com\/es\/wp-json\/wp\/v2\/users\/13"}],"replies":[{"embeddable":true,"href":"https:\/\/www.vidademadrid.com\/es\/wp-json\/wp\/v2\/comments?post=45453"}],"version-history":[{"count":3,"href":"https:\/\/www.vidademadrid.com\/es\/wp-json\/wp\/v2\/posts\/45453\/revisions"}],"predecessor-version":[{"id":45463,"href":"https:\/\/www.vidademadrid.com\/es\/wp-json\/wp\/v2\/posts\/45453\/revisions\/45463"}],"wp:featuredmedia":[{"embeddable":true,"href":"https:\/\/www.vidademadrid.com\/es\/wp-json\/wp\/v2\/media\/45454"}],"wp:attachment":[{"href":"https:\/\/www.vidademadrid.com\/es\/wp-json\/wp\/v2\/media?parent=45453"}],"wp:term":[{"taxonomy":"category","embeddable":true,"href":"https:\/\/www.vidademadrid.com\/es\/wp-json\/wp\/v2\/categories?post=45453"},{"taxonomy":"post_tag","embeddable":true,"href":"https:\/\/www.vidademadrid.com\/es\/wp-json\/wp\/v2\/tags?post=45453"}],"curies":[{"name":"wp","href":"https:\/\/api.w.org\/{rel}","templated":true}]}}