{"id":45448,"date":"2022-10-11T10:59:59","date_gmt":"2022-10-11T08:59:59","guid":{"rendered":"https:\/\/www.vidademadrid.com\/es\/?p=45448"},"modified":"2022-10-11T11:00:20","modified_gmt":"2022-10-11T09:00:20","slug":"concierto-tributo-eurovision-fecha-hora-2022","status":"publish","type":"post","link":"https:\/\/www.vidademadrid.com\/es\/45448\/concierto-tributo-eurovision-fecha-hora-2022\/","title":{"rendered":"Villaverde tendr\u00e1 un concierto &#8216;Tributo a Eurovisi\u00f3n&#8217;"},"content":{"rendered":"<p>Con motivo de la inauguraci\u00f3n del&nbsp;<strong>auditorio Plata y Casta\u00f1ar,&nbsp;<\/strong>Villaverde tendr\u00e1 un&nbsp;<strong>tributo a Eurovisi\u00f3n.&nbsp;<\/strong>Este concierto rendir\u00e1 homenaje a los espa\u00f1oles que han participado en el festival. Te contamos toda la informaci\u00f3n en este art\u00edculo.&nbsp;<\/p>\n<h2>Concierto tributo a Eurovisi\u00f3n<\/h2>\n\n\n<script async=\"\" src=\"https:\/\/pagead2.googlesyndication.com\/pagead\/js\/adsbygoogle.js\"><\/script> <ins class=\"adsbygoogle\" style=\"display:block\" data-ad-format=\"fluid\" data-ad-layout-key=\"-7f+eo+1+2-5\" data-ad-client=\"ca-pub-7450064428034605\" data-ad-slot=\"7327027071\"><\/ins><script>(adsbygoogle = window.adsbygoogle || []).push({});<\/script>\n\n<p>El&nbsp;<strong>distrito de Villavrde&nbsp;<\/strong>inaugurar\u00e1 el nuevo&nbsp;<strong>auditorio&nbsp;<\/strong>en el&nbsp;<strong>parque Plata y Casta\u00f1ar&nbsp;<\/strong>con un&nbsp;<strong>concierto Tributo a Eurovisi\u00f3n.&nbsp;<\/strong>En este show, se interpretar\u00e1n las canciones m\u00e1s emblem\u00e1ticas de los&nbsp;<strong>representantes espa\u00f1oles&nbsp;<\/strong>en el festival a lo largo de todas sus ediciones.&nbsp;<\/p>\n<p>El&nbsp;<strong>concierto tributo a Eurovisi\u00f3n&nbsp;<\/strong>ser\u00e1 el <strong>s\u00e1bao 15 de octubre&nbsp;<\/strong>a las&nbsp;<strong>18 horas. <\/strong>La Junta Municipal de Villaverde invita a los&nbsp;<em>eurofans&nbsp;<\/em>a que canten, bailen y acudan disfrazados a este divertido concierto.&nbsp;<\/p>\n<h2>Actividades deportivas&nbsp;<\/h2>\n\n<script async=\"\" src=\"https:\/\/pagead2.googlesyndication.com\/pagead\/js\/adsbygoogle.js\"><\/script> <ins class=\"adsbygoogle\" style=\"display:block; text-align:center;\" data-ad-layout=\"in-article\" data-ad-format=\"fluid\" data-ad-client=\"ca-pub-7450064428034605\" data-ad-slot=\"5670045061\"><\/ins> <script>(adsbygoogle = window.adsbygoogle || []).push({});<\/script>\n\n<p>Adem\u00e1s del concierto, habr\u00e1 actividades de ocio y deporte, algunas dirigidas a personas mayores y otras a todos los p\u00fablicos, durante dos d\u00edas. El <strong>viernes 14 y s\u00e1bado 15&nbsp;<\/strong>a partir de las&nbsp;<strong>10 horas&nbsp;<\/strong>se podr\u00e1 disfrutar de clases de&nbsp;<strong>zumba, yincana, coordinaci\u00f3n de parejas, juegos de punter\u00eda&nbsp;<\/strong>y m\u00e1s.&nbsp;<\/p>\n<p>Adem\u00e1s, el s\u00e1bado 15 habr\u00e1 una&nbsp;<strong>yincana familiar&nbsp;<\/strong>en el auditorio y sus alrededores en el que podr\u00e1n participar personas de todas las edades as\u00ed como una clase de zumba.&nbsp;<\/p>\n\n\n<p><\/p>\n","protected":false},"excerpt":{"rendered":"<p>Adem\u00e1s, habr\u00e1 actividades deportivas para todos los p\u00fablicos. <\/p>\n","protected":false},"author":15,"featured_media":45449,"comment_status":"open","ping_status":"open","sticky":false,"template":"","format":"standard","meta":{"footnotes":""},"categories":[111],"tags":[],"class_list":{"0":"post-45448","1":"post","2":"type-post","3":"status-publish","4":"format-standard","5":"has-post-thumbnail","7":"category-exposiciones-madrid"},"_links":{"self":[{"href":"https:\/\/www.vidademadrid.com\/es\/wp-json\/wp\/v2\/posts\/45448","targetHints":{"allow":["GET"]}}],"collection":[{"href":"https:\/\/www.vidademadrid.com\/es\/wp-json\/wp\/v2\/posts"}],"about":[{"href":"https:\/\/www.vidademadrid.com\/es\/wp-json\/wp\/v2\/types\/post"}],"author":[{"embeddable":true,"href":"https:\/\/www.vidademadrid.com\/es\/wp-json\/wp\/v2\/users\/15"}],"replies":[{"embeddable":true,"href":"https:\/\/www.vidademadrid.com\/es\/wp-json\/wp\/v2\/comments?post=45448"}],"version-history":[{"count":2,"href":"https:\/\/www.vidademadrid.com\/es\/wp-json\/wp\/v2\/posts\/45448\/revisions"}],"predecessor-version":[{"id":45451,"href":"https:\/\/www.vidademadrid.com\/es\/wp-json\/wp\/v2\/posts\/45448\/revisions\/45451"}],"wp:featuredmedia":[{"embeddable":true,"href":"https:\/\/www.vidademadrid.com\/es\/wp-json\/wp\/v2\/media\/45449"}],"wp:attachment":[{"href":"https:\/\/www.vidademadrid.com\/es\/wp-json\/wp\/v2\/media?parent=45448"}],"wp:term":[{"taxonomy":"category","embeddable":true,"href":"https:\/\/www.vidademadrid.com\/es\/wp-json\/wp\/v2\/categories?post=45448"},{"taxonomy":"post_tag","embeddable":true,"href":"https:\/\/www.vidademadrid.com\/es\/wp-json\/wp\/v2\/tags?post=45448"}],"curies":[{"name":"wp","href":"https:\/\/api.w.org\/{rel}","templated":true}]}}