{"id":45345,"date":"2022-10-06T10:23:41","date_gmt":"2022-10-06T08:23:41","guid":{"rendered":"https:\/\/www.vidademadrid.com\/es\/?p=45345"},"modified":"2022-10-06T10:23:52","modified_gmt":"2022-10-06T08:23:52","slug":"fiestas-pilar-madrid-programa-fechas-2022","status":"publish","type":"post","link":"https:\/\/www.vidademadrid.com\/es\/45345\/fiestas-pilar-madrid-programa-fechas-2022\/","title":{"rendered":"Vuelven las fiestas del Pilar al Distrito de Salamanca"},"content":{"rendered":"<p>Las&nbsp;<strong>fiestas del Pilar&nbsp;<\/strong>vuelven al&nbsp;<strong>distrito de Salamanca&nbsp;<\/strong>este 2022 con actividades que podr\u00e1n disfrutar vecinos y visitantes y conmemorar\u00e1n la&nbsp;<strong>primera vuelta al mundo&nbsp;<\/strong>por Magallanes y Elcano. Te contamos toda la informaci\u00f3n en este art\u00edculo.&nbsp;<\/p>\n<h2>Fiestas del Pilar 2022<\/h2>\n\n<script async=\"\" src=\"https:\/\/pagead2.googlesyndication.com\/pagead\/js\/adsbygoogle.js\"><\/script> <ins class=\"adsbygoogle\" style=\"display:block\" data-ad-format=\"fluid\" data-ad-layout-key=\"-7f+eo+1+2-5\" data-ad-client=\"ca-pub-7450064428034605\" data-ad-slot=\"7327027071\"><\/ins><script>(adsbygoogle = window.adsbygoogle || []).push({});<\/script>\n\n<p>Las&nbsp;<strong>fiestas del Pilar&nbsp;<\/strong>vuelven este octubre con un preg\u00f3n, a cargo de la actriz de televisi\u00f3n, cine y teatro, <strong>Cristina Casta\u00f1o.&nbsp;<\/strong>Las fiestas de este a\u00f1o, conmemorar\u00e1n los&nbsp;<strong>500 a\u00f1os&nbsp;<\/strong>de la&nbsp;<strong>primera circunnavegaci\u00f3n del globo por Magallanes y Elcano.&nbsp;<\/strong>Habr\u00e1 material para los m\u00e1s peque\u00f1os, donado por la Armada Espa\u00f1ola, para que conozcan sobre esta importante navegaci\u00f3n.&nbsp;<\/p>\n<p>En el programa hay actividades infantiles, juveniles y deportivas para toda la familia as\u00ed como conciertos que se podr\u00e1n disfrutar al aire libre. Habr\u00e1 tambi\u00e9n el tradicional concurso de pintura y la primera carrera deportiva familiar.&nbsp;<\/p>\n<h2>Fiestas del Pilar 2022: programa&nbsp;<\/h2>\n\n<script async=\"\" src=\"https:\/\/pagead2.googlesyndication.com\/pagead\/js\/adsbygoogle.js\"><\/script> <ins class=\"adsbygoogle\" style=\"display:block; text-align:center;\" data-ad-layout=\"in-article\" data-ad-format=\"fluid\" data-ad-client=\"ca-pub-7450064428034605\" data-ad-slot=\"5670045061\"><\/ins> <script>(adsbygoogle = window.adsbygoogle || []).push({});<\/script>\n\n\n<p>Las&nbsp;<strong>fiestas del Pilar 2022&nbsp;<\/strong>ser\u00e1n del&nbsp;<strong>12 al 16 de octubre&nbsp;<\/strong>en el&nbsp;<strong>distrito de Salamanca.&nbsp;<\/strong>En el&nbsp;<strong>parque de Eva Duarte&nbsp;<\/strong>comenzar\u00e1n el&nbsp;<strong>mi\u00e9rcoles 12 de octubre&nbsp;<\/strong>la carpa de ajedrez y la carpa infantil con actividades para toda la familia. A las&nbsp;<strong>14:15 horas,&nbsp;<\/strong>ser\u00e1 el preg\u00f3n por&nbsp;<strong>Cristina Casta\u00f1o.&nbsp;<\/strong>Tras el preg\u00f3n ser\u00e1 la tradicional Paella para compartir entre los asistentes. La procesi\u00f3n de&nbsp;<strong>Nuestra Se\u00f1ora del Pilar&nbsp;<\/strong>ser\u00e1 a las&nbsp;<strong>18 horas&nbsp;<\/strong>por las calles del distrito.&nbsp;<\/p>\n<p>Los&nbsp;<strong>torneos deportivos&nbsp;<\/strong>ser\u00e1n el&nbsp;<strong>mi\u00e9rcoles 12 de octubre, s\u00e1bado 15 y domingo 16&nbsp;<\/strong>en los que se podr\u00e1 participar en torneo de F7, de tenis, p\u00e1del, baloncesto y habr\u00e1 baile para mayores.<\/p>\n<p>Puedes conocer el programa completo en el siguiente tuit.&nbsp;<\/p>\n<p>&nbsp;<\/p>\n\n\n<figure class=\"wp-block-embed is-type-rich is-provider-twitter wp-block-embed-twitter\"><div class=\"wp-block-embed__wrapper\">\n<blockquote class=\"twitter-tweet\" data-width=\"550\" data-dnt=\"true\"><p lang=\"es\" dir=\"ltr\">\u00a1Os invitamos a las Fiestas del Distrito de Salamanca!<br><br>A partir del pr\u00f3ximo d\u00eda 12 de octubre en el Parque de Eva Duarte. \u00bfQuieres saber m\u00e1s? Os dejamos el programa ? <a href=\"https:\/\/t.co\/p6FDxdeYCl\">pic.twitter.com\/p6FDxdeYCl<\/a><\/p>&mdash; Jos\u00e9 Fern\u00e1ndez S\u00e1nchez (@fernandezsj) <a href=\"https:\/\/twitter.com\/fernandezsj\/status\/1576853804905287681?ref_src=twsrc%5Etfw\">October 3, 2022<\/a><\/blockquote><script async src=\"https:\/\/platform.twitter.com\/widgets.js\" charset=\"utf-8\"><\/script>\n<\/div><\/figure>\n","protected":false},"excerpt":{"rendered":"<p>Habr\u00e1 actividades para todos los p\u00fablicos. <\/p>\n","protected":false},"author":15,"featured_media":45346,"comment_status":"open","ping_status":"open","sticky":false,"template":"","format":"standard","meta":{"footnotes":""},"categories":[101],"tags":[],"class_list":{"0":"post-45345","1":"post","2":"type-post","3":"status-publish","4":"format-standard","5":"has-post-thumbnail","7":"category-ferias-fiestas-mercados-madrid"},"_links":{"self":[{"href":"https:\/\/www.vidademadrid.com\/es\/wp-json\/wp\/v2\/posts\/45345","targetHints":{"allow":["GET"]}}],"collection":[{"href":"https:\/\/www.vidademadrid.com\/es\/wp-json\/wp\/v2\/posts"}],"about":[{"href":"https:\/\/www.vidademadrid.com\/es\/wp-json\/wp\/v2\/types\/post"}],"author":[{"embeddable":true,"href":"https:\/\/www.vidademadrid.com\/es\/wp-json\/wp\/v2\/users\/15"}],"replies":[{"embeddable":true,"href":"https:\/\/www.vidademadrid.com\/es\/wp-json\/wp\/v2\/comments?post=45345"}],"version-history":[{"count":1,"href":"https:\/\/www.vidademadrid.com\/es\/wp-json\/wp\/v2\/posts\/45345\/revisions"}],"predecessor-version":[{"id":45347,"href":"https:\/\/www.vidademadrid.com\/es\/wp-json\/wp\/v2\/posts\/45345\/revisions\/45347"}],"wp:featuredmedia":[{"embeddable":true,"href":"https:\/\/www.vidademadrid.com\/es\/wp-json\/wp\/v2\/media\/45346"}],"wp:attachment":[{"href":"https:\/\/www.vidademadrid.com\/es\/wp-json\/wp\/v2\/media?parent=45345"}],"wp:term":[{"taxonomy":"category","embeddable":true,"href":"https:\/\/www.vidademadrid.com\/es\/wp-json\/wp\/v2\/categories?post=45345"},{"taxonomy":"post_tag","embeddable":true,"href":"https:\/\/www.vidademadrid.com\/es\/wp-json\/wp\/v2\/tags?post=45345"}],"curies":[{"name":"wp","href":"https:\/\/api.w.org\/{rel}","templated":true}]}}